{"id":15269,"date":"2019-04-17T22:09:03","date_gmt":"2019-04-18T01:09:03","guid":{"rendered":"https:\/\/luisgustavoleite.com.br\/blog\/?p=15269"},"modified":"2019-07-05T22:34:47","modified_gmt":"2019-07-06T01:34:47","slug":"faceta-de-porcelana-pros-e-contras","status":"publish","type":"post","link":"https:\/\/luisgustavoleite.com.br\/blog\/faceta-de-porcelana-pros-e-contras\/","title":{"rendered":"Faceta de porcelana: as indica\u00e7\u00f5es, pr\u00f3s e contras."},"content":{"rendered":"<p>Guia completo sobre facetas de porcelana com indica\u00e7\u00f5es, pr\u00f3s e contras, problemas e alternativas desta t\u00e9cnica em odontologia est\u00e9tica em Porto Alegre para corre\u00e7\u00f5es na cor e forma do <span style=\"color: #800080;\"><span style=\"color: #333333;\">sorriso<\/span>.<\/span><\/p>\n<p>\u00a0<\/p>\n<p><em><img decoding=\"async\" loading=\"lazy\" class=\"alignleft\" src=\"https:\/\/luisgustavoleite.com.br\/blog\/wp-content\/uploads\/2018\/10\/eu.jpg\" alt=\"\" width=\"70\" height=\"70\" \/>\u00a0<span style=\"color: #470047;\">Lu\u00eds Gustavo Leite \u00e9 dentista especialista em pr\u00f3teses dent\u00e1rias (facetas de porcelana) e periodontia, ambas pela UFRGS, em\u00a0<strong>Porto Alegre<\/strong>.<\/span><\/em><\/p>\n<p>\u00a0<\/p>\n<p>\u00a0<\/p>\n<h2><span style=\"color: #470047;\">Faceta de porcelana, a estrela da odontologia est\u00e9tica de transforma\u00e7\u00e3o do sorriso.<\/span><\/h2>\n<p>\u00a0<\/p>\n<p>Os tratamentos para transforma\u00e7\u00f5es do sorriso s\u00e3o cada vez mais comuns nos consult\u00f3rios dedicados \u00e0 odontologia est\u00e9tica. Corrigindo a cor e forma dos dentes, a t\u00e9cnica tamb\u00e9m conhecida como <a href=\"https:\/\/luisgustavoleite.com.br\/blog\/laminados-ceramicos\/\" target=\"_blank\" rel=\"noopener\"><span style=\"color: #3366ff;\">laminado cer\u00e2mico<\/span><\/a> conta com materiais com composi\u00e7\u00f5es diferentes, t\u00e9cnicas de fabrica\u00e7\u00e3o espec\u00edficas e varia\u00e7\u00f5e na espessura e extens\u00e3o das delicadas l\u00e2minas que recobrem as partes vis\u00edveis dos dentes.<\/p>\n<p>\u00a0<\/p>\n<p>Entre v\u00e1rias t\u00e9cnicas com laminados cer\u00e2micos, a <a href=\"https:\/\/luisgustavoleite.com.br\/blog\/facetas-em-porcelana-dicas\/\" target=\"_blank\" rel=\"noopener\"><span style=\"color: #3366ff;\">faceta de porcelana<\/span><\/a> \u00e9 a mais poderosa para corrigir problemas na cor e forma dos dentes &#8211; e tamb\u00e9m a mais utilizada por famosos e artistas na constru\u00e7\u00e3o de sorrisos harm\u00f4micos e impec\u00e1veis. Por outro lado, \u00e9 o procedimento que exige maiores cuidados no planejamento e execu\u00e7\u00e3o, por parte do dentista, para evitar danos irrevers\u00edveis aos dentes. E para facilitar a compreens\u00e3o deste procedimento que pode ser o ideal para os seus dentes, que tal conhecer as indica\u00e7\u00f5es, pr\u00f3s e contras do tratamento?<\/p>\n<p>\u00a0<\/p>\n<figure id=\"attachment_15596\" aria-describedby=\"caption-attachment-15596\" style=\"width: 800px\" class=\"wp-caption aligncenter\"><a href=\"https:\/\/luisgustavoleite.com.br\/blog\/wp-content\/uploads\/2019\/04\/faceta-de-porcelana-indica\u00e7\u00f5es.jpg\"><img decoding=\"async\" loading=\"lazy\" class=\"size-full wp-image-15596\" src=\"https:\/\/luisgustavoleite.com.br\/blog\/wp-content\/uploads\/2019\/04\/faceta-de-porcelana-indica\u00e7\u00f5es.jpg\" alt=\"faceta de porcelana indica\u00e7\u00f5es\" width=\"800\" height=\"450\" srcset=\"https:\/\/luisgustavoleite.com.br\/blog\/wp-content\/uploads\/2019\/04\/faceta-de-porcelana-indica\u00e7\u00f5es.jpg 800w, https:\/\/luisgustavoleite.com.br\/blog\/wp-content\/uploads\/2019\/04\/faceta-de-porcelana-indica\u00e7\u00f5es-300x169.jpg 300w, https:\/\/luisgustavoleite.com.br\/blog\/wp-content\/uploads\/2019\/04\/faceta-de-porcelana-indica\u00e7\u00f5es-768x432.jpg 768w\" sizes=\"(max-width: 800px) 100vw, 800px\" \/><\/a><figcaption id=\"caption-attachment-15596\" class=\"wp-caption-text\">Faceta de porcelana: naturalidade e resultados marcantes para corre\u00e7\u00f5es na cor e forma dos dentes.<\/figcaption><\/figure>\n<p>\u00a0<\/p>\n<p>\u00a0<\/p>\n<h2><span style=\"color: #470047;\">Indica\u00e7\u00f5es da faceta de porcelana.<\/span><\/h2>\n<p>\u00a0<\/p>\n<p>Antes de iniciar o tratamento, a an\u00e1lise cl\u00ednica e radiogr\u00e1fica &#8211; em alguns, tomogr\u00e1fica &#8211; dos dentes, gengivas e arquitetura facial \u00e9 essencial para confirmar a faceta de porcelana como o laminado cer\u00e2mico ideal. Recursos auxiliares de diagn\u00f3stico, como simula\u00e7\u00f5es fotogr\u00e1ficas e mockups (simula\u00e7\u00f5es diretas sobre os dentes) tamb\u00e9m fazer parte da coleta de dados imprescind\u00edveis ao tratamento. Conhe\u00e7a as principais indica\u00e7\u00f5es da faceta em porcelana:<\/p>\n<p>\u00a0<\/p>\n<p><span style=\"color: #470047;\">\u2713<\/span> modifica\u00e7\u00f5es radicais na forma dos dentes;<\/p>\n<p>\u00a0<\/p>\n<p><span style=\"color: #470047;\">\u2713<\/span> altera\u00e7\u00f5es marcantes nas cores dos dentes;<\/p>\n<p>\u00a0<\/p>\n<p><span style=\"color: #470047;\">\u2713<\/span> corre\u00e7\u00e3o de cor em <a href=\"https:\/\/luisgustavoleite.com.br\/blog\/dente-escuro-e-escurecido-pos-tratamento-de-canal-faceta-dentaria\/\" target=\"_blank\" rel=\"noopener\"><span style=\"color: #3366ff;\">dentes escurecidos ap\u00f3s canal<\/span><\/a>;<\/p>\n<p>\u00a0<\/p>\n<p><span style=\"color: #470047;\">\u2713<\/span> tratamentos combinados com <a href=\"https:\/\/luisgustavoleite.com.br\/blog\/trocar-protese-dentaria-fixa-em-porcelana\/\" target=\"_blank\" rel=\"noopener\"><span style=\"color: #3366ff;\">pr\u00f3teses dent\u00e1rias fixas em porcelana<\/span><\/a>;<\/p>\n<p>\u00a0<\/p>\n<p><span style=\"color: #470047;\">\u2713<\/span> recupera\u00e7\u00e3o de dentes quebradros;<\/p>\n<p>\u00a0<\/p>\n<p><span style=\"color: #470047;\">\u2713<\/span> <a href=\"https:\/\/luisgustavoleite.com.br\/blog\/diastemas\/\" target=\"_blank\" rel=\"noopener\"><span style=\"color: #3366ff;\">fechamento de espa\u00e7os entre dentes<\/span><\/a> (diastemas);<\/p>\n<p>\u00a0<\/p>\n<p><span style=\"color: #470047;\">\u2713<\/span> recobrimento de <a href=\"https:\/\/luisgustavoleite.com.br\/blog\/retracao-gengival-com-facetas-em-porelana\/\" target=\"_blank\" rel=\"noopener\"><span style=\"color: #3366ff;\">retra\u00e7\u00f5es gengivais<\/span><\/a> pouco extensas.<\/p>\n<p>\u00a0<\/p>\n<p>\u00a0<\/p>\n<figure id=\"attachment_15597\" aria-describedby=\"caption-attachment-15597\" style=\"width: 800px\" class=\"wp-caption aligncenter\"><a href=\"https:\/\/luisgustavoleite.com.br\/blog\/wp-content\/uploads\/2019\/04\/faceta-de-porcelana-pr\u00f3s-e-contras.jpg\"><img decoding=\"async\" loading=\"lazy\" class=\"size-full wp-image-15597\" src=\"https:\/\/luisgustavoleite.com.br\/blog\/wp-content\/uploads\/2019\/04\/faceta-de-porcelana-pr\u00f3s-e-contras.jpg\" alt=\"faceta de porcelana pr\u00f3s e contras\" width=\"800\" height=\"450\" srcset=\"https:\/\/luisgustavoleite.com.br\/blog\/wp-content\/uploads\/2019\/04\/faceta-de-porcelana-pr\u00f3s-e-contras.jpg 800w, https:\/\/luisgustavoleite.com.br\/blog\/wp-content\/uploads\/2019\/04\/faceta-de-porcelana-pr\u00f3s-e-contras-300x169.jpg 300w, https:\/\/luisgustavoleite.com.br\/blog\/wp-content\/uploads\/2019\/04\/faceta-de-porcelana-pr\u00f3s-e-contras-768x432.jpg 768w\" sizes=\"(max-width: 800px) 100vw, 800px\" \/><\/a><figcaption id=\"caption-attachment-15597\" class=\"wp-caption-text\">Faceta em resina fraturada: a vers\u00e3o em porcelana \u00e9 indicada para evitar fraturas frequentes.<\/figcaption><\/figure>\n<p>\u00a0<\/p>\n<p>\u00a0<\/p>\n<h2><span style=\"color: #470047;\">Pr\u00f3s e contras da faceta de porcelana.<\/span><\/h2>\n<p>\u00a0<\/p>\n<p>Como toda t\u00e9cnica utilizada em odontologia est\u00e9tica restauradora, a faceta de porcelana tem pr\u00f3s e contras que, comparados com outros tipos de laminados cer\u00e2micos, s\u00e3o levados em conta na hora de selecionar o dispositivo est\u00e9tico ideal. Conhe\u00e7a as principais caracter\u00edsticas desta t\u00e9cnica:<\/p>\n<p>\u00a0<\/p>\n<h3>pr\u00f3s<\/h3>\n<p>\u00a0<\/p>\n<p><span style=\"color: #470047;\">\u2713<\/span> capacidade para mascarar dentes escurecidos;<\/p>\n<p>\u00a0<\/p>\n<p><span style=\"color: #470047;\">\u2713<\/span> resist\u00eancia mais elevada comparada a outras t\u00e9cnicas;<\/p>\n<p>\u00a0<\/p>\n<p><span style=\"color: #470047;\">\u2713<\/span> durabilidade elevada;<\/p>\n<p>\u00a0<\/p>\n<p><span style=\"color: #470047;\">\u2713<\/span> resist\u00eancia ao amarelamento e perda de brilho;<\/p>\n<p>\u00a0<\/p>\n<p><span style=\"color: #470047;\">\u2713<\/span> possibilidade para, em casos espec\u00edficos, substituir o alinhamento de dentes com <a href=\"https:\/\/luisgustavoleite.com.br\/blog\/facetas-e-lentes-aparelho-ortodontico\/\" target=\"_blank\" rel=\"noopener\"><span style=\"color: #3366ff;\">aparelhos ortod\u00f4nticos<\/span><\/a>;<\/p>\n<p>\u00a0<\/p>\n<p><span style=\"color: #470047;\">\u2713<\/span> pode ser combinada com outra t\u00e9cnicas com laminados cer\u00e2micos como lentes de contato dental;<\/p>\n<p>\u00a0<\/p>\n<p><span style=\"color: #470047;\">\u2713<\/span> pode ser combinada com pr\u00f3teses dent\u00e1rias em transforma\u00e7\u00f5es de impacto do sorriso.<\/p>\n<p>\u00a0<\/p>\n<h3><span style=\"color: #470047;\">contras<\/span><\/h3>\n<p><span style=\"color: #470047;\">\u2713<\/span> exige <a href=\"https:\/\/luisgustavoleite.com.br\/blog\/desgastes-nos-dentes-nos-tratamentos-com-facetas\/\" target=\"_blank\" rel=\"noopener\"><span style=\"color: #3366ff;\">desgastes dent\u00e1rios<\/span><\/a> para nivelamento da superf\u00edcie dent\u00e1ria;<\/p>\n<p>\u00a0<\/p>\n<p><span style=\"color: #470047;\">\u2713<\/span> os desgastes dent\u00e1rios s\u00e3o irrevers\u00edveis;<\/p>\n<p>\u00a0<\/p>\n<p><span style=\"color: #470047;\">\u2713<\/span> exigem maior dom\u00ednio e controle da t\u00e9cnica.<\/p>\n<p>\u00a0<\/p>\n<p><span style=\"color: #470047;\">\u2713<\/span> pode ter custos mais elevados devido aos procedimentos auxilares que garantem seguran\u00e7a ao tratamento;<\/p>\n<p>\u00a0<\/p>\n<figure id=\"attachment_15598\" aria-describedby=\"caption-attachment-15598\" style=\"width: 800px\" class=\"wp-caption aligncenter\"><a href=\"https:\/\/luisgustavoleite.com.br\/blog\/wp-content\/uploads\/2019\/04\/faceta-de-porcelana-desgastes-nos-dentes.jpg\"><img decoding=\"async\" loading=\"lazy\" class=\"size-full wp-image-15598\" src=\"https:\/\/luisgustavoleite.com.br\/blog\/wp-content\/uploads\/2019\/04\/faceta-de-porcelana-desgastes-nos-dentes.jpg\" alt=\"faceta de porcelana desgastes nos dentes\" width=\"800\" height=\"450\" srcset=\"https:\/\/luisgustavoleite.com.br\/blog\/wp-content\/uploads\/2019\/04\/faceta-de-porcelana-desgastes-nos-dentes.jpg 800w, https:\/\/luisgustavoleite.com.br\/blog\/wp-content\/uploads\/2019\/04\/faceta-de-porcelana-desgastes-nos-dentes-300x169.jpg 300w, https:\/\/luisgustavoleite.com.br\/blog\/wp-content\/uploads\/2019\/04\/faceta-de-porcelana-desgastes-nos-dentes-768x432.jpg 768w\" sizes=\"(max-width: 800px) 100vw, 800px\" \/><\/a><figcaption id=\"caption-attachment-15598\" class=\"wp-caption-text\">Desgastes dent\u00e1rios de adapta\u00e7\u00e3o: um desvantagem da faceta em porcelana.<\/figcaption><\/figure>\n<p>\u00a0<\/p>\n<p>\u00a0<\/p>\n<h2><span style=\"color: #470047;\">Alternativas atuais em est\u00e9tica dental.<\/span><\/h2>\n<p>\u00a0<\/p>\n<p>A faceta de porcelana \u00e9, sem d\u00favida, a t\u00e9cnica mais vers\u00e1til e poderosa para transforma\u00e7\u00f5es marcantes do sorriso &#8211; mas n\u00e3o \u00e9 a \u00fanica t\u00e9cnica com laminado cer\u00e2mico a proporcionar sorrisos mais harm\u00f4micos e brilhantes. Em diversas situa\u00e7\u00f5es, \u00e9 a <a href=\"https:\/\/luisgustavoleite.com.br\/blog\/lente-de-contato-dental-porto-alegre-dentista-especialista\/\" target=\"_blank\" rel=\"noopener\"><span style=\"color: #3366ff;\">lente de contato dental<\/span><\/a>, uma vers\u00e3o mais delicada e que n\u00e3o exige desgastes dent\u00e1rios de adapta\u00e7\u00e3o, o dispositivo que combina resultados est\u00e9ticos deslumbrantes com seguran\u00e7a e praticidade do tratamento.<\/p>\n<p>\u00a0<\/p>\n<h3><span style=\"color: #470047;\">lente de contato dental<\/span><\/h3>\n<p>Fina e delicada, a lente de contato \u00e9 indicada para resolver pequenos detalhes na cor e forma dos dentes que fazem toda a diferen\u00e7a. S\u00e3o ideais para evitar os desgastes dent\u00e1rios na t\u00e9cnica com faceta de porcelana.<\/p>\n<p>\u00a0<\/p>\n<h3><span style=\"color: #470047;\">fragmento cer\u00e2mico<\/span><\/h3>\n<p>\u00c9 uma varia\u00e7\u00e3o da lente de contato dental que recobre apenas parcialmente a superf\u00edcie est\u00e9tica vis\u00edvel dos dentes. Indicada para substituir <a href=\"https:\/\/luisgustavoleite.com.br\/blog\/restauracao-dentaria-em-resina\/\" target=\"_blank\" rel=\"noopener\"><span style=\"color: #3366ff;\">restaura\u00e7\u00e3o dent\u00e1rias em resina<\/span> <\/a>em dentes anteriores, tamb\u00e9m \u00e9 definida como <a href=\"https:\/\/luisgustavoleite.com.br\/blog\/restauracao-em-porcelana\/\" target=\"_blank\" rel=\"noopener\"><span style=\"color: #3366ff;\">restura\u00e7\u00e3o dent\u00e1ria em porcelana<\/span><\/a> do tipo <a href=\"https:\/\/luisgustavoleite.com.br\/blog\/onlay-e-inlay\/\" target=\"_blank\" rel=\"noopener\"><span style=\"color: #3366ff;\">inlay e onlay<\/span><\/a>.<\/p>\n<p>\u00a0<\/p>\n<h3><span style=\"color: #470047;\">faceta de resina<\/span><\/h3>\n<p>\u00a0A <a href=\"https:\/\/luisgustavoleite.com.br\/blog\/facetas-em-resina\/\" target=\"_blank\" rel=\"noopener\"><span style=\"color: #3366ff;\">faceta de resina<\/span><\/a> \u00e9 uma vers\u00e3o mais em conta do que todas as t\u00e9cnicas com laminados cer\u00e2micos. Realizada em consulta \u00fanica, oferece excelentes resultados est\u00e9ticos para substituir facetas de porcelana, lentes de contato dental e fragmentos cer\u00e2micos. As desvantagens ficam por conta da menor durabilidade, fraturas frequentes e amarelamento r\u00e1pido do material.<\/p>\n<p>\u00a0<\/p>\n<figure id=\"attachment_15599\" aria-describedby=\"caption-attachment-15599\" style=\"width: 800px\" class=\"wp-caption aligncenter\"><a href=\"https:\/\/luisgustavoleite.com.br\/blog\/wp-content\/uploads\/2019\/04\/faceta-de-resina-pr\u00f3s-e-contras.jpg\"><img decoding=\"async\" loading=\"lazy\" class=\"size-full wp-image-15599\" src=\"https:\/\/luisgustavoleite.com.br\/blog\/wp-content\/uploads\/2019\/04\/faceta-de-resina-pr\u00f3s-e-contras.jpg\" alt=\"faceta de resina pr\u00f3s e contras\" width=\"800\" height=\"450\" srcset=\"https:\/\/luisgustavoleite.com.br\/blog\/wp-content\/uploads\/2019\/04\/faceta-de-resina-pr\u00f3s-e-contras.jpg 800w, https:\/\/luisgustavoleite.com.br\/blog\/wp-content\/uploads\/2019\/04\/faceta-de-resina-pr\u00f3s-e-contras-300x169.jpg 300w, https:\/\/luisgustavoleite.com.br\/blog\/wp-content\/uploads\/2019\/04\/faceta-de-resina-pr\u00f3s-e-contras-768x432.jpg 768w\" sizes=\"(max-width: 800px) 100vw, 800px\" \/><\/a><figcaption id=\"caption-attachment-15599\" class=\"wp-caption-text\">Facetas em resina: pre\u00e7o mais em conta e tratamento realizado em uma \u00fanica consulta.<\/figcaption><\/figure>\n<p>\u00a0<\/p>\n<p>\u00a0<\/p>\n<h2><span style=\"color: #470047;\">Durabilidade e resist\u00eancia s\u00e3o pontos de destaque.<\/span><\/h2>\n<p>\u00a0<\/p>\n<p>Elevada resist\u00eancia e <a href=\"https:\/\/luisgustavoleite.com.br\/blog\/faceta-em-porcelana-durabilidade\/\" target=\"_blank\" rel=\"noopener\"><span style=\"color: #3366ff;\">durabilidade<\/span><\/a> \u00e9 tudo o que voc\u00ea vai querer saber sobre o seu tratamento com laminado cer\u00e2mico ao final dos procedimentos. E, neste ponto, as facetas de porcelana saem muito \u00e0 frente dos outros concorrentes.\u00a0<\/p>\n<p>\u00a0<\/p>\n<p>Estudos cient\u00edficos sobre a durabilidade de facetas em porcelana v\u00eam acompanhando, ano a ano, as condi\u00e7\u00f5es destes laminados no que se refere \u00e0 resist\u00eancia \u00e0 <a href=\"https:\/\/luisgustavoleite.com.br\/blog\/restauracao-infiltrada-com-infiltracao\/\" target=\"_blank\" rel=\"noopener\"><span style=\"color: #3366ff;\">infiltra\u00e7\u00e3o por c\u00e1rie dent\u00e1ria<\/span><\/a>, manuten\u00e7\u00e3o do brilho, resist\u00eancia \u00e0 descolora\u00e7\u00e3o e fraturas. Com rela\u00e7\u00e3o ao tempo de dura\u00e7\u00e3o deste tipo de faceta dent\u00e1ria laminada, o que se observou \u00e9 que, passados 10 anos, 92% dos laminados apresentam-se em boas condi\u00e7\u00f5es de adapta\u00e7\u00e3o e est\u00e9tica &#8211; n\u00fameros excelentes, pr\u00f3ximos \u00e0s coroas em porcelana pura.<\/p>\n<p>\u00a0<\/p>\n<p>A resist\u00eancia \u00e0 fratura \u00e9 outro ponto de destaque deste laminado cer\u00e2mico. Mais resistente que outras t\u00e9cnicas pela maior espessura da l\u00e2mina, pode ser utilizado em procedimentos para <a href=\"https:\/\/luisgustavoleite.com.br\/blog\/aumentar-dentes-pequenos\/\" target=\"_blank\" rel=\"noopener\"><span style=\"color: #3366ff;\">aumentar o comprimento dos dentes<\/span><\/a> ou em pacientes com <a href=\"https:\/\/luisgustavoleite.com.br\/blog\/bruxismo-faceta-de-resina-e-restauracao-dentaria\/\" target=\"_blank\" rel=\"noopener\"><span style=\"color: #3366ff;\">bruxismo<\/span><\/a> leve a moderado, com riscos reduzidos para fraturas.<\/p>\n<p>\u00a0<\/p>\n<figure id=\"attachment_15600\" aria-describedby=\"caption-attachment-15600\" style=\"width: 800px\" class=\"wp-caption aligncenter\"><a href=\"https:\/\/luisgustavoleite.com.br\/blog\/wp-content\/uploads\/2019\/04\/faceta-de-porcelana-durabilidade.jpg\"><img decoding=\"async\" loading=\"lazy\" class=\"size-full wp-image-15600\" src=\"https:\/\/luisgustavoleite.com.br\/blog\/wp-content\/uploads\/2019\/04\/faceta-de-porcelana-durabilidade.jpg\" alt=\"faceta de porcelana durabilidade\" width=\"800\" height=\"450\" srcset=\"https:\/\/luisgustavoleite.com.br\/blog\/wp-content\/uploads\/2019\/04\/faceta-de-porcelana-durabilidade.jpg 800w, https:\/\/luisgustavoleite.com.br\/blog\/wp-content\/uploads\/2019\/04\/faceta-de-porcelana-durabilidade-300x169.jpg 300w, https:\/\/luisgustavoleite.com.br\/blog\/wp-content\/uploads\/2019\/04\/faceta-de-porcelana-durabilidade-768x432.jpg 768w\" sizes=\"(max-width: 800px) 100vw, 800px\" \/><\/a><figcaption id=\"caption-attachment-15600\" class=\"wp-caption-text\">A durabilidade de facetas em porcelana est\u00e1 mais associada \u00e0s indica\u00e7\u00f5es corretas da t\u00e9cnica do que \u00e0 espessura do laminado cer\u00e2mico.<\/figcaption><\/figure>\n<p>\u00a0<\/p>\n<p>\u00a0<\/p>\n<h2><span style=\"color: #470047;\">Faceta de porcelana <em>versus<\/em> faceta de resina.<\/span><\/h2>\n<p>\u00a0<\/p>\n<p>\u00a0As indica\u00e7\u00f5es, pr\u00f3s e contras das facetas de porcelana d\u00e3o uma boa ideia dos fatores e condi\u00e7\u00f5es cl\u00ednicas que pesam na escolha do melhor tipo de laminado cer\u00e2mico. Entretanto, em alguns casos, n\u00e3o existe uma \u00fanica t\u00e9cnica que seja mais indicada do que outra. E, neste ponto, a sele\u00e7\u00e3o entre <a href=\"https:\/\/luisgustavoleite.com.br\/blog\/facetas-em-resina-ou-porcelana-qual-e-melhor\/\" target=\"_blank\" rel=\"noopener\"><span style=\"color: #3366ff;\">facetas de porcelana ou facetas de resina<\/span><\/a> aparece como d\u00favida mais frequente.<\/p>\n<p>\u00a0<\/p>\n<p>De alguns anos para c\u00e1, a <a href=\"https:\/\/luisgustavoleite.com.br\/blog\/faceta-em-resina-durabilidade\/\" target=\"_blank\" rel=\"noopener\"><span style=\"color: #3366ff;\">maior durabilidade das facetas de resina<\/span><\/a>, aliada a melhores resultados est\u00e9ticos, v\u00eam colocando esta t\u00e9cnica como op\u00e7\u00e3o segura \u00e0 faceta de porcelana. O principal fator pela melhora das propriedades mec\u00e2nicas e est\u00e9ticas deste tipo de laminado \u00e9 a introdu\u00e7\u00e3o de part\u00edculas de cer\u00e2mica \u00e0s resinas, aumentando a gama de indica\u00e7\u00f5es e possibilidades deste que \u00e9 o procedimento est\u00e9tico mais utilizado para lamina\u00e7\u00e3o dent\u00e1ria.<\/p>\n<p>\u00a0<\/p>\n<p>A faceta em resina tem como vantagens o menor pre\u00e7o do tratamento e possibilidade de ser realizada em uma \u00fanica consulta, mesmo para um n\u00famero elevado de dentes. Com um sistema de cores pr\u00f3ximo ao utilizado em facetas de porcelana, a t\u00e9cnica oferece cores mais naturais e detalhes \u00f3pticos de transpar\u00eancia, fluoresc\u00eancia e oplacesc\u00eancia ideais para quem deseja transforma\u00e7\u00f5es est\u00e9ticas r\u00e1pidas e com baixo custo.<\/p>\n<p>\u00a0<\/p>\n<figure id=\"attachment_15601\" aria-describedby=\"caption-attachment-15601\" style=\"width: 800px\" class=\"wp-caption aligncenter\"><a href=\"https:\/\/luisgustavoleite.com.br\/blog\/wp-content\/uploads\/2019\/04\/faceta-de-resina-versus-faceta-de-porcelana.jpg\"><img decoding=\"async\" loading=\"lazy\" class=\"size-full wp-image-15601\" src=\"https:\/\/luisgustavoleite.com.br\/blog\/wp-content\/uploads\/2019\/04\/faceta-de-resina-versus-faceta-de-porcelana.jpg\" alt=\"faceta de resina versus faceta de porcelana\" width=\"800\" height=\"450\" srcset=\"https:\/\/luisgustavoleite.com.br\/blog\/wp-content\/uploads\/2019\/04\/faceta-de-resina-versus-faceta-de-porcelana.jpg 800w, https:\/\/luisgustavoleite.com.br\/blog\/wp-content\/uploads\/2019\/04\/faceta-de-resina-versus-faceta-de-porcelana-300x169.jpg 300w, https:\/\/luisgustavoleite.com.br\/blog\/wp-content\/uploads\/2019\/04\/faceta-de-resina-versus-faceta-de-porcelana-768x432.jpg 768w\" sizes=\"(max-width: 800px) 100vw, 800px\" \/><\/a><figcaption id=\"caption-attachment-15601\" class=\"wp-caption-text\">Faceta de resina versus faceta de porcelana: fraturas podem ser frequentes na t\u00e9cnica em resina.<\/figcaption><\/figure>\n<p>\u00a0<\/p>\n<p>\u00a0<\/p>\n<h2><span style=\"color: #470047;\">Irreversibilidade exige t\u00e9cnica apurada.<\/span><\/h2>\n<p>\u00a0<\/p>\n<p>A impossibilidade para reverter os desgastes dent\u00e1rios de adapta\u00e7\u00e3o realizados na superf\u00edcie dos dentes pesa &#8211; e muito &#8211; na balan\u00e7a de pr\u00f3s e contras das facetas de porcelana. N\u00e3o \u00e0 toa, a maioria dos pacientes tem receios na realiza\u00e7\u00e3o desta t\u00e9cnica que, executada com indica\u00e7\u00f5es e procedimentos corretos, \u00e9, sim, segura aos dentes.<\/p>\n<p>\u00a0<\/p>\n<p>Por outro lado, a irreversibilidade do tratamento pode ser pouco importante aos indiv\u00edduos que j\u00e1 possuem dentes com restaura\u00e7\u00f5es dent\u00e1rias antigas e manchadas, j\u00e1 que estes desgastes, muita vezes, s\u00e3o menos invasivos do que o pr\u00f3prio procedimento restaurador.\u00a0<\/p>\n<p>\u00a0<\/p>\n<p>\u00c9 importante tamb\u00e9m alertar ao paciente em tratamento com laminados cer\u00e2micos sobre a <a href=\"https:\/\/luisgustavoleite.com.br\/blog\/faceta-e-lentes-de-contato-dental-reversiveis-e-reversivel\/\" target=\"_blank\" rel=\"noopener\"><span style=\"color: #3366ff;\">relativa reversibilidade da lente de contato dental<\/span><\/a>. Isto porque, apesar da aus\u00eancia de desgastes dent\u00e1rios sobre os dentes deste procedimento, pode ser imposs\u00edvel recuperar o brilho inicial das superf\u00edcies dent\u00e1rias revestidas pela t\u00e9cnica &#8211; um fator que pode fazer o candidato a este tipo de laminado rever os pr\u00f3s e contras da faceta de porcelana.<\/p>\n<p>\u00a0<\/p>\n<p>\u00a0<\/p>\n<h2><span style=\"color: #470047;\">Riscos e problemas.<\/span><\/h2>\n<p>\u00a0<\/p>\n<p>Problemas com facetas de porcelanas s\u00e3o relatos frequentes em m\u00eddias sociais e imprensa. Da infiltra\u00e7\u00e3o por c\u00e1rie dent\u00e1ria, <a href=\"https:\/\/luisgustavoleite.com.br\/blog\/sensibilidade-dental-e-prevencao\/\" target=\"_blank\" rel=\"noopener\"><span style=\"color: #3366ff;\">sensibilidade elevada<\/span><\/a> a at\u00e9 mesmo situa\u00e7\u00f5es bastante raras como a perda dent\u00e1ria, pouca &#8211; ou nenhuma &#8211; s\u00e3o as informa\u00e7\u00f5es a respeito das t\u00e9cnicas e materiais utilizados, ou at\u00e9 mesmo do laborat\u00f3rio de pr\u00f3tese dent\u00e1rio utilizado na confec\u00e7\u00e3o dos laminados. De fato, a neglig\u00eancia e imper\u00edcia de dentista aliado \u00e0 utiliza\u00e7\u00e3o de materiais de qualidade inferior pode, sim, trazer riscos s\u00e9rios aos dentes.\u00a0<\/p>\n<p>\u00a0<\/p>\n<p>Os procedimentos cl\u00ednicos com facetas de porcelana contam com v\u00e1rios sistemas e dispositivos para oferecer seguran\u00e7a durante os desgastes dent\u00e1rios. Um exemplo disso s\u00e3o os guias de desgastes dent\u00e1rios elaborados sobre simula\u00e7\u00f5es 3D, uma forma de garantir desgastes dent\u00e1rios sem riscos aos dentes e com m\u00ednima redu\u00e7\u00e3o da estrutura dent\u00e1ria. Ainda assim, veja os principais problemas associados a este tipo de <a href=\"https:\/\/luisgustavoleite.com.br\/blog\/faceta-dentaria-laminada\/\" target=\"_blank\" rel=\"noopener\"><span style=\"color: #3366ff;\">faceta dent\u00e1ria laminada<\/span><\/a>:<\/p>\n<p>\u00a0<\/p>\n<p><span style=\"color: #470047;\">\u2713<\/span> resultados est\u00e9ticos insatisfat\u00f3rios;<\/p>\n<p>\u00a0<\/p>\n<p><span style=\"color: #470047;\">\u2713<\/span> infiltra\u00e7\u00e3o por c\u00e1rie dent\u00e1ria;<\/p>\n<p>\u00a0<\/p>\n<p><span style=\"color: #470047;\">\u2713<\/span> sensibilidade dentin\u00e1ria;<\/p>\n<p>\u00a0<\/p>\n<p><span style=\"color: #470047;\">\u2713<\/span> descolamento do laminado cer\u00e2mico;<\/p>\n<p>\u00a0<\/p>\n<p><span style=\"color: #470047;\">\u2713<\/span> tratamento de canal por proximidade do laminado do c\u00e2mara pulpar;<\/p>\n<p>\u00a0<\/p>\n<p><span style=\"color: #470047;\">\u2713<\/span> inflama\u00e7\u00f5es gengivais;<\/p>\n<p>\u00a0<\/p>\n<p><span style=\"color: #470047;\">\u2713<\/span> mal cheiro;<\/p>\n<p>\u00a0<\/p>\n<p><span style=\"color: #470047;\">\u2713<\/span> fraturas dent\u00e1rias;<\/p>\n<p>\u00a0<\/p>\n<p><span style=\"color: #470047;\">\u2713<\/span> perdas dent\u00e1rias;<\/p>\n<p>\u00a0<\/p>\n<p><a href=\"http:\/\/luisgustavoleite.com.br\/faq\/facetas-em-porcelana.php\" target=\"_blank\" rel=\"noopener\"><span style=\"color: #00ccff;\"><em>Ainda em d\u00favida? Consulte nosso FAQ (d\u00favidas frequentes):<\/em><\/span><\/a><\/p>\n<p><span style=\"color: #470047;\"><em>Ou aproveite para saber mais com estes posts:<\/em><\/span><\/p>\n\n","protected":false},"excerpt":{"rendered":"<p>Guia completo sobre facetas de porcelana com indica\u00e7\u00f5es, pr\u00f3s e contras, problemas e alternativas desta t\u00e9cnica em odontologia est\u00e9tica em Porto Alegre para corre\u00e7\u00f5es na cor e forma do sorriso. \u00a0 \u00a0Lu\u00eds Gustavo Leite \u00e9 dentista especialista em pr\u00f3teses dent\u00e1rias (facetas de porcelana) e periodontia, ambas pela UFRGS, em\u00a0Porto Alegre. \u00a0 \u00a0 Faceta de porcelana, [&hellip;]<\/p>\n","protected":false},"author":4,"featured_media":15594,"comment_status":"open","ping_status":"open","sticky":false,"template":"","format":"standard","meta":[],"categories":[58],"tags":[428,170,148,142,375,418,15,105],"_links":{"self":[{"href":"https:\/\/luisgustavoleite.com.br\/blog\/wp-json\/wp\/v2\/posts\/15269"}],"collection":[{"href":"https:\/\/luisgustavoleite.com.br\/blog\/wp-json\/wp\/v2\/posts"}],"about":[{"href":"https:\/\/luisgustavoleite.com.br\/blog\/wp-json\/wp\/v2\/types\/post"}],"author":[{"embeddable":true,"href":"https:\/\/luisgustavoleite.com.br\/blog\/wp-json\/wp\/v2\/users\/4"}],"replies":[{"embeddable":true,"href":"https:\/\/luisgustavoleite.com.br\/blog\/wp-json\/wp\/v2\/comments?post=15269"}],"version-history":[{"count":53,"href":"https:\/\/luisgustavoleite.com.br\/blog\/wp-json\/wp\/v2\/posts\/15269\/revisions"}],"predecessor-version":[{"id":20451,"href":"https:\/\/luisgustavoleite.com.br\/blog\/wp-json\/wp\/v2\/posts\/15269\/revisions\/20451"}],"wp:featuredmedia":[{"embeddable":true,"href":"https:\/\/luisgustavoleite.com.br\/blog\/wp-json\/wp\/v2\/media\/15594"}],"wp:attachment":[{"href":"https:\/\/luisgustavoleite.com.br\/blog\/wp-json\/wp\/v2\/media?parent=15269"}],"wp:term":[{"taxonomy":"category","embeddable":true,"href":"https:\/\/luisgustavoleite.com.br\/blog\/wp-json\/wp\/v2\/categories?post=15269"},{"taxonomy":"post_tag","embeddable":true,"href":"https:\/\/luisgustavoleite.com.br\/blog\/wp-json\/wp\/v2\/tags?post=15269"}],"curies":[{"name":"wp","href":"https:\/\/api.w.org\/{rel}","templated":true}]}}