{"id":15675,"date":"2019-04-27T21:47:39","date_gmt":"2019-04-28T00:47:39","guid":{"rendered":"https:\/\/luisgustavoleite.com.br\/blog\/?p=15675"},"modified":"2019-07-05T22:33:29","modified_gmt":"2019-07-06T01:33:29","slug":"halitose-mal-halito-e-protese-dentaria","status":"publish","type":"post","link":"https:\/\/luisgustavoleite.com.br\/blog\/halitose-mal-halito-e-protese-dentaria\/","title":{"rendered":"Mau h\u00e1lito pode ter a pr\u00f3tese dent\u00e1ria como causa."},"content":{"rendered":"\n<p>O mau h\u00e1lito causado por pr\u00f3tese dent\u00e1ria \u00e9 um problema comum e despercebido pela maioria dos indiv\u00edduos atingidos pelo problema. Conhe\u00e7a as causas e tratamentos da halitose associado \u00e0 pr\u00f3tese fixa sobre dentes e implante dent\u00e1rio, dentadura e ponte m\u00f3vel.<\/p>\n<p>\u00a0<\/p>\n<p><em><img decoding=\"async\" loading=\"lazy\" class=\"alignleft\" src=\"https:\/\/luisgustavoleite.com.br\/blog\/wp-content\/uploads\/2018\/10\/eu.jpg\" alt=\"\" width=\"70\" height=\"70\" \/><span style=\"color: #470047;\">Lu\u00eds Gustavo Leite \u00e9 dentista especialista em pr\u00f3teses dent\u00e1rias e periodontia, ambas pela UFRGS<\/span><strong><span style=\"color: #470047;\">, em\u00a0Porto Alegre.<\/span><\/strong><\/em><\/p>\n<p>\u00a0<\/p>\n<p>\u00a0<\/p>\n<h2><span style=\"color: #800080;\">Halitose, um problema que vai muito al\u00e9m do constrangimento.<\/span><\/h2>\n<p>\u00a0<\/p>\n<p>Odores desagrad\u00e1veis emitidos a partir da cavidade bucal ou da respira\u00e7\u00e3o s\u00e3o caracter\u00edsticas da halitose, uma condi\u00e7\u00e3o desagrad\u00e1vel motivo para situa\u00e7\u00f5es constrangedoras que, na maioira das vezes, n\u00e3o \u00e9 percebida pelo indiv\u00edduo acometido pelo problema.<\/p>\n<p>\u00a0<\/p>\n<p>Ao contr\u00e1rio do que se imagina, menos de 5% dos casos de <span style=\"color: #3366ff;\"><a style=\"color: #3366ff;\" href=\"https:\/\/luisgustavoleite.com.br\/blog\/mau-halito-e-halitose\/\" target=\"_blank\" rel=\"noopener\">mau h\u00e1lito<\/a><\/span> tem como origem problemas estomacais, motivo pelo qual a consulta ao dentista \u00e9 essencial para o diagn\u00f3stico preciso da condi\u00e7\u00e3o. O exame\u00a0das gengivas e mucosas, associados a exames ambulatoriais do fluxo salivar e carga baceriana, aliados \u00e0 an\u00e1lise da dieta do paciente, s\u00e3o suficientes para descartar a origem respitat\u00f3ria da halitose.<\/p>\n<p>\u00a0<\/p>\n<p>Outras causas para a halitose s\u00e3o a <em>diabetes melitus\u00a0<\/em>e cirrose hep\u00e1tica ou, em alguns casos, dispositivos com <a href=\"https:\/\/luisgustavoleite.com.br\/blog\/restauracao-em-resina-ou-porcelana\/\" target=\"_blank\" rel=\"noopener\"><span style=\"color: #3366ff;\">restaura\u00e7\u00f5es dent\u00e1rias<\/span><\/a> e pr\u00f3teses dent\u00e1rias fixas ou do tipo m\u00f3vel, estas \u00faltimas pouco lembradas por dentistas e pacientes como fonte para os odores desagrad\u00e1veis provenientes da cavidade bucal. E que tal conhecer um pouco mais sobre o diagn\u00f3stico e tratamento desta condi\u00e7\u00e3o t\u00e3o desagrad\u00e1vel?<\/p>\n<p>\u00a0<\/p>\n<figure id=\"attachment_15702\" aria-describedby=\"caption-attachment-15702\" style=\"width: 800px\" class=\"wp-caption aligncenter\"><a href=\"https:\/\/luisgustavoleite.com.br\/blog\/wp-content\/uploads\/2019\/04\/mau-h\u00e1lito-gengivas.jpg\"><img decoding=\"async\" loading=\"lazy\" class=\"size-full wp-image-15702\" src=\"https:\/\/luisgustavoleite.com.br\/blog\/wp-content\/uploads\/2019\/04\/mau-h\u00e1lito-gengivas.jpg\" alt=\"mau h\u00e1lito gengivas\" width=\"800\" height=\"480\" srcset=\"https:\/\/luisgustavoleite.com.br\/blog\/wp-content\/uploads\/2019\/04\/mau-h\u00e1lito-gengivas.jpg 800w, https:\/\/luisgustavoleite.com.br\/blog\/wp-content\/uploads\/2019\/04\/mau-h\u00e1lito-gengivas-300x180.jpg 300w, https:\/\/luisgustavoleite.com.br\/blog\/wp-content\/uploads\/2019\/04\/mau-h\u00e1lito-gengivas-768x461.jpg 768w\" sizes=\"(max-width: 800px) 100vw, 800px\" \/><\/a><figcaption id=\"caption-attachment-15702\" class=\"wp-caption-text\">Doen\u00e7as gengivais e ac\u00famulo de placa bacteriana s\u00e3o causas comum para o mau h\u00e1lito.<\/figcaption><\/figure>\n<p>\u00a0<\/p>\n<p>\u00a0<\/p>\n<h2><span style=\"color: #800080;\">O mau h\u00e1lito causado por pr\u00f3tese dent\u00e1ria fixa em porcelana.<\/span><\/h2>\n<p>\u00a0<\/p>\n<p>O mau h\u00e1lito causado por <a href=\"https:\/\/luisgustavoleite.com.br\/blog\/trocar-protese-dentaria-fixa-em-porcelana\/\" target=\"_blank\" rel=\"noopener\"><span style=\"color: #3366ff;\">pr\u00f3tese dent\u00e1ria fixa em porcelana<\/span><\/a> representa uma parcela diminuta dos problemas de odores desagrad\u00e1veis originados na cavidade bucal. Quando este dispositivo \u00e9 a causa, falhas na adapta\u00e7\u00e3o junto a dentes e gengivas, fatores que dificultam a remo\u00e7\u00e3o de placa bacteriana e ainda facilitam a reten\u00e7\u00e3o de alimentos, podem exigir desde o uso de instrumentos especiais para higieniza\u00e7\u00e3o ou at\u00e9 mesmo a remo\u00e7\u00e3o do dispositivo.<\/p>\n<p>\u00a0<\/p>\n<p>Uma outra forma bastante comum de pr\u00f3tese dent\u00e1ria fixa como causa para o mau h\u00e1lito s\u00e3o os dispositivos instalados em \u00e1reas com perdas \u00f3sseas (extra\u00e7\u00e3o dent\u00e1ria) ou em <a href=\"https:\/\/luisgustavoleite.com.br\/blog\/diastemas\/\" target=\"_blank\" rel=\"noopener\"><span style=\"color: #3366ff;\">regi\u00f5es com espa\u00e7os entre dentes<\/span><\/a> &#8211; ou simplesmente com design inapropriado. O tratamento, nestes casos, exige a ado\u00e7\u00e3o de t\u00e9cnicas e instrumentos especiais de higiene dent\u00e1ria, a\u00e7\u00f5es que tamb\u00e9m podem ser necess\u00e1rias junto a <a href=\"https:\/\/luisgustavoleite.com.br\/blog\/implantes-dentarios-1\/\" target=\"_blank\" rel=\"noopener\"><span style=\"color: #3366ff;\">implantes dent\u00e1rios<\/span><\/a> que servem de suporte a <a href=\"https:\/\/luisgustavoleite.com.br\/blog\/coroa-em-porcelana\/\" target=\"_blank\" rel=\"noopener\"><span style=\"color: #3366ff;\">coroas dent\u00e1rias fixas em porcelana<\/span><\/a>.\u00a0<\/p>\n<p>\u00a0<\/p>\n<figure id=\"attachment_15703\" aria-describedby=\"caption-attachment-15703\" style=\"width: 800px\" class=\"wp-caption aligncenter\"><a href=\"https:\/\/luisgustavoleite.com.br\/blog\/wp-content\/uploads\/2019\/04\/halitose-e-pr\u00f3tese-dent\u00e1ria.jpg\"><img decoding=\"async\" loading=\"lazy\" class=\"size-full wp-image-15703\" src=\"https:\/\/luisgustavoleite.com.br\/blog\/wp-content\/uploads\/2019\/04\/halitose-e-pr\u00f3tese-dent\u00e1ria.jpg\" alt=\"halitose e pr\u00f3tese dent\u00e1ria\" width=\"800\" height=\"480\" srcset=\"https:\/\/luisgustavoleite.com.br\/blog\/wp-content\/uploads\/2019\/04\/halitose-e-pr\u00f3tese-dent\u00e1ria.jpg 800w, https:\/\/luisgustavoleite.com.br\/blog\/wp-content\/uploads\/2019\/04\/halitose-e-pr\u00f3tese-dent\u00e1ria-300x180.jpg 300w, https:\/\/luisgustavoleite.com.br\/blog\/wp-content\/uploads\/2019\/04\/halitose-e-pr\u00f3tese-dent\u00e1ria-768x461.jpg 768w\" sizes=\"(max-width: 800px) 100vw, 800px\" \/><\/a><figcaption id=\"caption-attachment-15703\" class=\"wp-caption-text\">Pr\u00f3tese dent\u00e1rias defeituosas podem atuar como fatores para a reten\u00e7\u00e3o de placa baceriana e instala\u00e7\u00e3o de doen\u00e7as gengivais.<\/figcaption><\/figure>\n<p>\u00a0<\/p>\n<p>\u00a0<\/p>\n<h2><span style=\"color: #800080;\">Sangramento gengival em dente com pr\u00f3tese dent\u00e1ria fixa.<\/span><\/h2>\n<p>\u00a0<\/p>\n<p>O ac\u00famulo de placa bacteriana junto a pr\u00f3teses dent\u00e1rias fixas em porcelana, seja nas bordas dent\u00e1rias em excesso ou em cavidades, frequentemente est\u00e1 associado \u00e0\u00a0gengivite e periodontite, infec\u00e7\u00f5es das gengivas que causam mau h\u00e1lito na maioria das vezes. Os sinais mais comuns destas condi\u00e7\u00f5es inflamat\u00f3rias s\u00e3o vistas como <a href=\"https:\/\/luisgustavoleite.com.br\/blog\/gengiva-inchada-e-inflamada-em-proteses-dentarias\/\" target=\"_blank\" rel=\"noopener\"><span style=\"color: #3366ff;\">gengivas inchadas<\/span><\/a> e o <a href=\"https:\/\/luisgustavoleite.com.br\/blog\/sangramento-gengival-e-protese-dentaria\/\" target=\"_blank\" rel=\"noopener\"><span style=\"color: #3366ff;\">sangramento gengival<\/span><\/a>, situa\u00e7\u00f5es que podem levar \u00e0 retra\u00e7\u00e3o gengival e at\u00e9 mesmo a perdas dent\u00e1rias.<\/p>\n<p>\u00a0<\/p>\n<p>\u00a0<\/p>\n<h2><span style=\"color: #800080;\">A pr\u00f3tese dent\u00e1ria m\u00f3vel e o mau cheiro generalizado.<\/span><\/h2>\n<p>\u00a0<\/p>\n<p>O mau cheiro proveniente de <a href=\"https:\/\/luisgustavoleite.com.br\/blog\/protese-removivel\/\" target=\"_blank\" rel=\"noopener\"><span style=\"color: #3366ff;\">pr\u00f3tese dent\u00e1ria remov\u00edvel<\/span><\/a> ocorre com ainda mais frequ\u00eancia do que na t\u00e9cnica fixa em porcelana. Isto porque, em <a href=\"https:\/\/luisgustavoleite.com.br\/blog\/dentaduras\/\" target=\"_blank\" rel=\"noopener\"><span style=\"color: #3366ff;\">dentaduras<\/span><\/a> e <a href=\"https:\/\/luisgustavoleite.com.br\/blog\/ponte-movel-e-implante-dentario\/\" target=\"_blank\" rel=\"noopener\"><span style=\"color: #3366ff;\">pontes m\u00f3veis<\/span><\/a>, a resina utilizada nas partes que simulam dentes e gengivas, como o passar do tempo, ret\u00e9m bact\u00e9rias no interior do material e unido junto \u00e0s superf\u00edcies &#8211; na forma de t\u00e1rtaro ou placa bacteriana. O problema, que pode ocorrer at\u00e9 mesmo em dispositivos m\u00f3veis novos, pode ser parcialmente eliminado atrav\u00e9s da limpeza di\u00e1ria e cuidado das partes em resina.<\/p>\n<p>\u00a0<\/p>\n<p>A <a href=\"https:\/\/luisgustavoleite.com.br\/blog\/protese-dentaria-protocolo-acrilico-ou-porcelana\/\" target=\"_blank\" rel=\"noopener\"><span style=\"color: #3366ff;\">pr\u00f3tese dent\u00e1ria tipo protocolo<\/span><\/a>, tamb\u00e9m conhecida como <a href=\"https:\/\/luisgustavoleite.com.br\/blog\/dentadura-fixa-dentista-em-porto-alegre\/\" target=\"_blank\" rel=\"noopener\"><span style=\"color: #3366ff;\">dentadura fixa<\/span><\/a>, confeccionada em porcelana \u00e9 uma alternativa eficiente para eliminar ou diminuir o mau cheiro proveniente das resinas dent\u00e1rias utilizadas em dispositivos tradicionais. Apoiada sobre implantes dent\u00e1rios, tamb\u00e9m traz resultados est\u00e9ticos e mastigat\u00f3rios superiores \u00e0s demais vers\u00f5es dispon\u00edveis.<\/p>\n<p>\u00a0<\/p>\n<figure id=\"attachment_15704\" aria-describedby=\"caption-attachment-15704\" style=\"width: 800px\" class=\"wp-caption aligncenter\"><a href=\"https:\/\/luisgustavoleite.com.br\/blog\/wp-content\/uploads\/2019\/04\/pr\u00f3tese-dent\u00e1ria-remov\u00edvel-e-halitose.jpg\"><img decoding=\"async\" loading=\"lazy\" class=\"size-full wp-image-15704\" src=\"https:\/\/luisgustavoleite.com.br\/blog\/wp-content\/uploads\/2019\/04\/pr\u00f3tese-dent\u00e1ria-remov\u00edvel-e-halitose.jpg\" alt=\"protese dentaria removivel e halitose\" width=\"800\" height=\"480\" srcset=\"https:\/\/luisgustavoleite.com.br\/blog\/wp-content\/uploads\/2019\/04\/pr\u00f3tese-dent\u00e1ria-remov\u00edvel-e-halitose.jpg 800w, https:\/\/luisgustavoleite.com.br\/blog\/wp-content\/uploads\/2019\/04\/pr\u00f3tese-dent\u00e1ria-remov\u00edvel-e-halitose-300x180.jpg 300w, https:\/\/luisgustavoleite.com.br\/blog\/wp-content\/uploads\/2019\/04\/pr\u00f3tese-dent\u00e1ria-remov\u00edvel-e-halitose-768x461.jpg 768w\" sizes=\"(max-width: 800px) 100vw, 800px\" \/><\/a><figcaption id=\"caption-attachment-15704\" class=\"wp-caption-text\">As partes em resina acr\u00edlica de pr\u00f3teses dent\u00e1rias remov\u00edveis como dentaduras e pontes (foto) ret\u00e9m bact\u00e9rias e dep\u00f3sitos bacterianos causadores de mau h\u00e1lito.<\/figcaption><\/figure>\n<p>\u00a0<\/p>\n<h2>\u00a0<\/h2>\n<h2><span style=\"color: #800080;\">Alergia \u00e0 pr\u00f3tese dent\u00e1ria em mulheres tamb\u00e9m pode causar mau h\u00e1lito.<\/span><\/h2>\n<p>\u00a0<\/p>\n<p>O dado \u00e9 alarmante: quase vinte por cento das <a href=\"https:\/\/luisgustavoleite.com.br\/blog\/alergia-a-proteses-dentarias\/\" target=\"_blank\" rel=\"noopener\"><span style=\"color: #3366ff;\">mulheres s\u00e3o al\u00e9rgicas aos metais utilizados em pr\u00f3teses dent\u00e1rias fixas em porcelana<\/span><\/a>. T\u00e9cnica proibida em diversos pa\u00edses europeus e norte americanos, na maioria das vezes o paciente atingido pelo problema n\u00e3o sabe que a parte interna do dispositivo prot\u00e9tico instalado sobre seus dentes cont\u00e9m subst\u00e2ncias met\u00e1licas que provocam alergias inflamat\u00f3rias.<\/p>\n<p>\u00a0<\/p>\n<p>Os sintomais mais comuns deste problema aparecem como gengivas permanentemente inchadas e que sangram ao escovar &#8211; em casos mais severos o <a href=\"https:\/\/luisgustavoleite.com.br\/blog\/sangramento-gengival-espontaneo\/\" target=\"_blank\" rel=\"noopener\"><span style=\"color: #3366ff;\">sangramento \u00e9 espont\u00e2neo<\/span><\/a> -, uma causa para o mau h\u00e1lito associado a pr\u00f3tese dent\u00e1ria fixa. O tratamento exige a remo\u00e7\u00e3o do dispositivo prot\u00e9tico, confec\u00e7\u00e3o de pr\u00f3teses provis\u00f3rias para a remiss\u00e3o do processo inflamat\u00f3rio e instala\u00e7\u00e3o de dispositivos livres de metal.<\/p>\n<p>\u00a0<\/p>\n<p>\u00a0A <a href=\"https:\/\/luisgustavoleite.com.br\/blog\/protese-dentaria-zirconia-com-porcelana\/\" target=\"_blank\" rel=\"noopener\"><span style=\"color: #3366ff;\">pr\u00f3tese dent\u00e1ria fixa em zirc\u00f4nia<\/span><\/a>, uma alternativa aos dispositivos com infraestrutura interna confeccionada com ligas met\u00e1licas, pode n\u00e3o reverter o quadro al\u00e9rgico inflamat\u00f3rio. Nestes casos, outras t\u00e9cnicas com <a href=\"https:\/\/luisgustavoleite.com.br\/blog\/protese-dentaria-fixa-em-porcelana-pura\/\" target=\"_blank\" rel=\"noopener\"><span style=\"color: #3366ff;\">pr\u00f3teses dent\u00e1rias em porcelana pura<\/span><\/a> ou materiais resinosos precisam ser considerados como op\u00e7\u00f5es mais efetivas para lidar com o mau h\u00e1lito.<\/p>\n<p>\u00a0<\/p>\n<p>\u00a0<\/p>\n<h2><span style=\"color: #800080;\">Mau h\u00e1lito proveniente de implante dent\u00e1rio.<\/span><\/h2>\n<p>\u00a0<\/p>\n<p>A adapta\u00e7\u00e3o de implantes dent\u00e1rios junto a gengivas \u00e9 um desafio \u00e0 t\u00e9cnica. <a href=\"https:\/\/luisgustavoleite.com.br\/blog\/enxerto-gengival\/\" target=\"_blank\" rel=\"noopener\"><span style=\"color: #3366ff;\">Enxertos de gengiva<\/span><\/a> ou osso e uso de pr\u00f3teses dent\u00e1rias provis\u00f3rias s\u00e3o recursos frequentemente utilizados pelo dentista especializado para recuperar a arquitetura dos tecidos gengivais que, quando realizados de forma inapropriada,\u00a0 facilitam o ac\u00famulo de alimentos e forma\u00e7\u00e3o de mau h\u00e1lito.<\/p>\n<p>\u00a0<\/p>\n<p>O ac\u00famulo de placa bacteriana junto a implantes dent\u00e1rios \u00e9 um risco para o aparecimento da periodontite, uma infec\u00e7\u00e3o das estruturas \u00f3sseas e gengivais de suporte de dispositivos implantod\u00f4nticos que tem como caracter\u00edsticas o incha\u00e7o e sangramento das gengivas, al\u00e9m da supura\u00e7\u00e3o. O tratamento, que varia conforme a severidade do problema, pode ir desde uma simples curetagem das margens gengivais at\u00e9 procedimentos cir\u00fargicos para debridamento e enxertia \u00f3ssea.<\/p>\n<p>\u00a0<\/p>\n<p>O tratamento do mau h\u00e1lito associado a implante dent\u00e1rio pode tamb\u00e9m envolver a substitui\u00e7\u00e3o da pr\u00f3tese dent\u00e1ria fixa instalada sobre o dispositivo. O objetivo do procedimento \u00e9 confeccionar novos dispositicos prot\u00e9ticos com design menos propenso ao ac\u00famulo de restos alimentares e placa bacteriana, e com formato que facilite a higieniza\u00e7\u00e3o di\u00e1ria do local.<\/p>\n<p>\u00a0<\/p>\n<p>\u00a0<\/p>\n<h2><span style=\"color: #800080;\">Como limpar a pr\u00f3tese dent\u00e1ria m\u00f3vel.<\/span><\/h2>\n<p>\u00a0<\/p>\n<p>Dispositivos prot\u00e9ticos m\u00f3veis como dentaduras e pr\u00f3tese dent\u00e1ria remov\u00edvel com partes em resina acr\u00edlica exigem cuidados especiais de limpeza para evitar o mal cheiro originado destes materiais. Para manter sempre limpos de restos alimentares e dep\u00f3sitivos bacterianso, aprenda a limpar a sua pr\u00f3tese dent\u00e1ria m\u00f3vel para manter a cavidade oral livre do mau h\u00e1lito.<\/p>\n<p>\u00a0<\/p>\n<p><span style=\"color: #800080;\">\u2713<\/span> utilize escovas dent\u00e1rias com cerdas r\u00edgidas e pasta de dente &#8211; escove cuidadosamente todas as partes do dispositivo;<\/p>\n<p>\u00a0<\/p>\n<p><span style=\"color: #800080;\">\u2713<\/span> a limpeza \u00e9 di\u00e1ria e deve ser feita ap\u00f3s cada refei\u00e7\u00e3o &#8211; e n\u00e3o apenas ao dormir;<\/p>\n<p>\u00a0<\/p>\n<p><span style=\"color: #800080;\">\u2713<\/span> ao dormir, remova dentaduras e pontes m\u00f3veis, deixando-as submersas em \u00e1gua;<\/p>\n<p>\u00a0<\/p>\n<p><span style=\"color: #800080;\">\u2713<\/span> pastilhas especiais para limpeza e desinfec\u00e7\u00e3o est\u00e3o dispon\u00edveis em farm\u00e1cias para uma limpeza mais efetiva da pr\u00f3tese dent\u00e1ria remov\u00edvel;<\/p>\n<p>\u00a0<\/p>\n<p><span style=\"color: #800080;\">\u2713<\/span> consulte o seu dentista ao menos uma vez por ano para examinar gengivas e dentes em contato com estes dispositivos;<\/p>\n<p>\u00a0<\/p>\n<p>\u00a0<\/p>\n<p><span style=\"color: #800080;\">\u2713<\/span> dentaduras fixas do tipo protocolo, que s\u00f3 podem ser removidas pelo dentista, exigem consulta semestral para remo\u00e7\u00e3o e limpeza do dispositivo em cubas ultrass\u00f4nicas submerdas em enzimas detergentes.<\/p>\n<p>\u00a0<\/p>\n<p><a href=\"http:\/\/luisgustavoleite.com.br\/tratamentos\/halitose-mau-halito-dentista-em-porto-alegre.php\" target=\"_blank\" rel=\"noopener\"><span style=\"color: #3366ff;\"><em>Ainda em d\u00favida? Consulte as informa\u00e7\u00f5es sobre halitose.<\/em><\/span><\/a><\/p>\n<p><span style=\"color: #800080;\"><em>Saiba mais com estes postos relacionados:<\/em><\/span><\/p>\n","protected":false},"excerpt":{"rendered":"<p>O mau h\u00e1lito causado por pr\u00f3tese dent\u00e1ria \u00e9 um problema comum e despercebido pela maioria dos indiv\u00edduos atingidos pelo problema. Conhe\u00e7a as causas e tratamentos da halitose associado \u00e0 pr\u00f3tese fixa sobre dentes e implante dent\u00e1rio, dentadura e ponte m\u00f3vel. \u00a0 Lu\u00eds Gustavo Leite \u00e9 dentista especialista em pr\u00f3teses dent\u00e1rias e periodontia, ambas pela UFRGS, [&hellip;]<\/p>\n","protected":false},"author":4,"featured_media":15701,"comment_status":"open","ping_status":"open","sticky":false,"template":"","format":"standard","meta":[],"categories":[48],"tags":[],"_links":{"self":[{"href":"https:\/\/luisgustavoleite.com.br\/blog\/wp-json\/wp\/v2\/posts\/15675"}],"collection":[{"href":"https:\/\/luisgustavoleite.com.br\/blog\/wp-json\/wp\/v2\/posts"}],"about":[{"href":"https:\/\/luisgustavoleite.com.br\/blog\/wp-json\/wp\/v2\/types\/post"}],"author":[{"embeddable":true,"href":"https:\/\/luisgustavoleite.com.br\/blog\/wp-json\/wp\/v2\/users\/4"}],"replies":[{"embeddable":true,"href":"https:\/\/luisgustavoleite.com.br\/blog\/wp-json\/wp\/v2\/comments?post=15675"}],"version-history":[{"count":39,"href":"https:\/\/luisgustavoleite.com.br\/blog\/wp-json\/wp\/v2\/posts\/15675\/revisions"}],"predecessor-version":[{"id":16539,"href":"https:\/\/luisgustavoleite.com.br\/blog\/wp-json\/wp\/v2\/posts\/15675\/revisions\/16539"}],"wp:featuredmedia":[{"embeddable":true,"href":"https:\/\/luisgustavoleite.com.br\/blog\/wp-json\/wp\/v2\/media\/15701"}],"wp:attachment":[{"href":"https:\/\/luisgustavoleite.com.br\/blog\/wp-json\/wp\/v2\/media?parent=15675"}],"wp:term":[{"taxonomy":"category","embeddable":true,"href":"https:\/\/luisgustavoleite.com.br\/blog\/wp-json\/wp\/v2\/categories?post=15675"},{"taxonomy":"post_tag","embeddable":true,"href":"https:\/\/luisgustavoleite.com.br\/blog\/wp-json\/wp\/v2\/tags?post=15675"}],"curies":[{"name":"wp","href":"https:\/\/api.w.org\/{rel}","templated":true}]}}