{"id":15922,"date":"2019-05-12T15:20:34","date_gmt":"2019-05-12T18:20:34","guid":{"rendered":"https:\/\/luisgustavoleite.com.br\/blog\/?p=15922"},"modified":"2019-07-05T22:28:09","modified_gmt":"2019-07-06T01:28:09","slug":"retracao-gengival-e-mau-halito","status":"publish","type":"post","link":"https:\/\/luisgustavoleite.com.br\/blog\/retracao-gengival-e-mau-halito\/","title":{"rendered":"Retra\u00e7\u00e3o gengival pode, sim, contribuir para o mau h\u00e1lito."},"content":{"rendered":"\n<p>A retra\u00e7\u00e3o gengival pode at\u00e9 mesmo ser a causa para o mau h\u00e1lito, a halitose. Conhe\u00e7a como isto acontece e o tratamento da halitose em indiv\u00edduos com gengiva retra\u00edda.<\/p>\n<p>\u00a0<\/p>\n<p><em><img decoding=\"async\" loading=\"lazy\" class=\"alignleft\" src=\"https:\/\/luisgustavoleite.com.br\/blog\/wp-content\/uploads\/2018\/10\/eu.jpg\" alt=\"\" width=\"70\" height=\"70\" \/><span style=\"color: #470047;\">Lu\u00eds Gustavo Leite \u00e9 dentista especialista em pr\u00f3teses dent\u00e1rias e periodontia, ambas pela UFRGS, em\u00a0<strong>Porto Alegre<\/strong>.<\/span><\/em><\/p>\n<p>\u00a0<\/p>\n<p>\u00a0<\/p>\n<p>\u00a0<\/p>\n<h2><span style=\"color: #470047;\">Retra\u00e7\u00e3o gengival, um problema que vai al\u00e9m dos danos est\u00e9ticos ao sorriso.<\/span><\/h2>\n<p>\u00a0<\/p>\n<p>Os danos est\u00e9ticos ao sorriso proveniente da retra\u00e7\u00e3o gengival j\u00e1 s\u00e3o um dos principais motivos para consultas ao dentista. As principais causas para este problema s\u00e3o a <a href=\"http:\/\/luisgustavoleite.com.br\/tratamentos\/periodontite-dentista-em-porto-alegre.php\" target=\"_blank\" rel=\"noopener\"><span style=\"color: #3366ff;\">periodontite<\/span><\/a>, uma doen\u00e7a infecciosa que destr\u00f3i o osso ao redor das ra\u00edzes dent\u00e1rias, e o excesso de for\u00e7a (press\u00e3o) das cerdas das escovas dent\u00e1rias contra as gengivas durante a escova\u00e7\u00e3o dos dentes. Atuando de forma isolada ou simult\u00e2nea, estas duas situa\u00e7\u00f5es riscos aos dentes muito al\u00e9m dos defeitos est\u00e9ticos associados.<\/p>\n<p>\u00a0<\/p>\n<p>A <a href=\"https:\/\/luisgustavoleite.com.br\/blog\/retracao-gengival-em-porto-alegre\/\" target=\"_blank\" rel=\"noopener\"><span style=\"color: #3366ff;\">retra\u00e7\u00e3o gengival<\/span><\/a>, em si, \u00e9 apenas uma sequela do colapso das estruturas periodontais que sustentam as ra\u00edzes dent\u00e1rias. Quando as causas deste problema n\u00e3o s\u00e3o identificadas e tratadas a tempo, h\u00e1 o risco para a evolu\u00e7\u00e3o da condi\u00e7\u00e3o para a mobilidade dent\u00e1ria e <a href=\"https:\/\/luisgustavoleite.com.br\/blog\/retracao-gengival-perder-e-perda-de-dentes\/\" target=\"_blank\" rel=\"noopener\"><span style=\"color: #3366ff;\">perda dos dentes<\/span><\/a>. Por outro lado, gengivas retra\u00eddas trazem consigo situa\u00e7\u00f5es que podem favorecer o aparecimento de outros problemas odontol\u00f3gico, como o <a href=\"https:\/\/luisgustavoleite.com.br\/blog\/halitose-mal-halito-e-protese-dentaria\/\" target=\"_blank\" rel=\"noopener\"><span style=\"color: #3366ff;\">mau h\u00e1lito<\/span><\/a>. Veja os problemas associados ao aparecimento de gengivas retra\u00eddas:<\/p>\n<p>\u00a0<\/p>\n<p><span style=\"color: #470047;\">\u2713<\/span>\u00a0 danos est\u00e9ticos ao sorriso;<\/p>\n<p>\u00a0<\/p>\n<p><a href=\"https:\/\/luisgustavoleite.com.br\/blog\/retracao-gengival-dor-e-sensibilidade-dos-dentes\/\" target=\"_blank\" rel=\"noopener\"><span style=\"color: #3366ff;\"><span style=\"color: #470047;\">\u2713<\/span>\u00a0 sensibilidade dent\u00e1ria<\/span><\/a> (desgastes das ra\u00edzes dent\u00e1rias);<\/p>\n<p>\u00a0<\/p>\n<p><span style=\"color: #470047;\">\u2713<\/span>\u00a0 dificuldade para remo\u00e7\u00e3o da placa bacteriana (<a href=\"https:\/\/luisgustavoleite.com.br\/blog\/gengivite-e-periodontite-1\/\" target=\"_blank\" rel=\"noopener\"><span style=\"color: #3366ff;\">gengivite e periodontite<\/span><\/a>);<\/p>\n<p>\u00a0<\/p>\n<p><span style=\"color: #470047;\">\u2713<\/span>\u00a0 facilita o trauma das gengivas durante a escova\u00e7\u00e3o;<\/p>\n<p>\u00a0<\/p>\n<p><span style=\"color: #470047;\">\u2713<\/span>\u00a0 mau h\u00e1lito.<\/p>\n<p>\u00a0<\/p>\n<figure id=\"attachment_15976\" aria-describedby=\"caption-attachment-15976\" style=\"width: 800px\" class=\"wp-caption aligncenter\"><a href=\"https:\/\/luisgustavoleite.com.br\/blog\/wp-content\/uploads\/2019\/05\/recess\u00e3o-gengival.jpg\"><img decoding=\"async\" loading=\"lazy\" class=\"size-full wp-image-15976\" src=\"https:\/\/luisgustavoleite.com.br\/blog\/wp-content\/uploads\/2019\/05\/recess\u00e3o-gengival.jpg\" alt=\"recess\u00e3o gengival\" width=\"800\" height=\"480\" srcset=\"https:\/\/luisgustavoleite.com.br\/blog\/wp-content\/uploads\/2019\/05\/recess\u00e3o-gengival.jpg 800w, https:\/\/luisgustavoleite.com.br\/blog\/wp-content\/uploads\/2019\/05\/recess\u00e3o-gengival-300x180.jpg 300w, https:\/\/luisgustavoleite.com.br\/blog\/wp-content\/uploads\/2019\/05\/recess\u00e3o-gengival-768x461.jpg 768w\" sizes=\"(max-width: 800px) 100vw, 800px\" \/><\/a><figcaption id=\"caption-attachment-15976\" class=\"wp-caption-text\">A retra\u00e7\u00e3o ou recess\u00e3o gengival: a exposi\u00e7\u00e3o das ra\u00edzes dent\u00e1rias atua como fator retentivo de placa bacteriana.<\/figcaption><\/figure>\n<p>\u00a0<\/p>\n<p>\u00a0<\/p>\n<h2><span style=\"color: #470047;\">A halitose, quando originada na cavidade oral.<\/span><\/h2>\n<p>A halitose atinge 25% dos pacientes acima dos 65 anos e, na maioria das vezes, o indiv\u00edduo atingido pela condi\u00e7\u00e3o n\u00e3o sabe que tem o problema &#8211; uma situa\u00e7\u00e3o desagrad\u00e1vel e motivo para constrangimento social. Ao contr\u00e1rio do que se imagina, o mau h\u00e1lito raramente tem origem no est\u00f4mago. Em quase todos os casos, a origem dos odores desagrad\u00e1veis ao falar ou respirar originam-se no trato respirat\u00f3rio ou na cavidade oral &#8211; diabetes melitus e cirrose hep\u00e1tica tamb\u00e9m s\u00e3o causas frequentes.<\/p>\n<p>\u00a0<\/p>\n<p>O diagn\u00f3stico da halitose proveniente da cavidade oral \u00e9 realizado ap\u00f3s exames dos dentes, gengivas, l\u00edngua e mucosas. <a href=\"https:\/\/luisgustavoleite.com.br\/blog\/trocar-protese-dentaria-fixa-em-porcelana\/\" target=\"_blank\" rel=\"noopener\"><span style=\"color: #3366ff;\">Pr\u00f3teses dent\u00e1rias fixas<\/span><\/a> e <a href=\"https:\/\/luisgustavoleite.com.br\/blog\/restauracao-em-resina-em-raiz-dentaria-exposta\/\" target=\"_blank\" rel=\"noopener\"><span style=\"color: #3366ff;\">restaura\u00e7\u00f5es dent\u00e1rias mal adaptadas<\/span><\/a> tamb\u00e9m podem estar na origem do problema, j\u00e1 que a placa bacteriana acumulada sobre estas estruturas \u00e9 uma das principais fontes para o mau odor bucal &#8211; entre outras condi\u00e7\u00f5es que facilitam a ades\u00e3o e ac\u00famulo deste agregado bacteriano respons\u00e1vel pela c\u00e1rie e doen\u00e7as gengivais est\u00e1 a <a href=\"https:\/\/luisgustavoleite.com.br\/blog\/recessao-gengival\/\" target=\"_blank\" rel=\"noopener\"><span style=\"color: #3366ff;\">recess\u00e3o gengival<\/span><\/a>.<\/p>\n<p>\u00a0<\/p>\n<figure id=\"attachment_15977\" aria-describedby=\"caption-attachment-15977\" style=\"width: 800px\" class=\"wp-caption aligncenter\"><a href=\"https:\/\/luisgustavoleite.com.br\/blog\/wp-content\/uploads\/2019\/05\/retra\u00e7\u00e3o-gengival-inflama\u00e7\u00e3o-da-gengiva.jpg\"><img decoding=\"async\" loading=\"lazy\" class=\"size-full wp-image-15977\" src=\"https:\/\/luisgustavoleite.com.br\/blog\/wp-content\/uploads\/2019\/05\/retra\u00e7\u00e3o-gengival-inflama\u00e7\u00e3o-da-gengiva.jpg\" alt=\"retra\u00e7\u00e3o gengival inflama\u00e7\u00e3o da gengiva\" width=\"800\" height=\"480\" srcset=\"https:\/\/luisgustavoleite.com.br\/blog\/wp-content\/uploads\/2019\/05\/retra\u00e7\u00e3o-gengival-inflama\u00e7\u00e3o-da-gengiva.jpg 800w, https:\/\/luisgustavoleite.com.br\/blog\/wp-content\/uploads\/2019\/05\/retra\u00e7\u00e3o-gengival-inflama\u00e7\u00e3o-da-gengiva-300x180.jpg 300w, https:\/\/luisgustavoleite.com.br\/blog\/wp-content\/uploads\/2019\/05\/retra\u00e7\u00e3o-gengival-inflama\u00e7\u00e3o-da-gengiva-768x461.jpg 768w\" sizes=\"(max-width: 800px) 100vw, 800px\" \/><\/a><figcaption id=\"caption-attachment-15977\" class=\"wp-caption-text\">Inflama\u00e7\u00f5es gengivais em \u00e1reas com recess\u00e3o s\u00e3o comuns e fontes geradores de halitose.<\/figcaption><\/figure>\n<p>\u00a0<\/p>\n<p>\u00a0<\/p>\n<h2><span style=\"color: #470047;\">A retra\u00e7\u00e3o gengival como causa para o mau h\u00e1lito.<\/span><\/h2>\n<p>\u00a0<\/p>\n<p>A retra\u00e7\u00e3o da gengiva contribui para o aparecimento ou intensifica\u00e7\u00e3o do mau h\u00e1lito de duas formas. Na primeira, \u00e9 o pr\u00f3prio odor desagrad\u00e1vel proveniente da placa bacteriana acumulada nas gengivas e <a href=\"https:\/\/luisgustavoleite.com.br\/blog\/raiz-dentaria-exposta\/\" target=\"_blank\" rel=\"noopener\"><span style=\"color: #3366ff;\">ra\u00edzes dent\u00e1rias expostas<\/span><\/a>. Na outra, s\u00e3o as secre\u00e7\u00f5es gengivais decorrente das inflama\u00e7\u00f5es causadas pelo mesmo agregado bacteriana.<\/p>\n<p>\u00a0<\/p>\n<p>Quando o mau h\u00e1lito \u00e9 diagnosticado com proveniente das \u00e1reas com <a href=\"https:\/\/luisgustavoleite.com.br\/blog\/gengiva-retraida\/\" target=\"_blank\" rel=\"noopener\"><span style=\"color: #3366ff;\">gengivas retra\u00eddas<\/span><\/a>, o tratamento tem como objetivo a remo\u00e7\u00e3o da placa bacteriana e cria\u00e7\u00e3o de condi\u00e7\u00f5es favor\u00e1veis para a sua remo\u00e7\u00e3o. Existem v\u00e1rios procedimentos para atuar de forma resolutiva e preventiva tanto na condic\u00e3o recessiva das gengivas quanto na forma de odores desagrad\u00e1veis provenientes da cavidade oral. Veja os principais procedimentos utilizados neste tipo de mau h\u00e1lito:<\/p>\n<p>\u00a0<\/p>\n<p><span style=\"color: #470047;\">\u2713<\/span> tratamento periodontal;<\/p>\n<p>\u00a0<\/p>\n<p><a href=\"https:\/\/luisgustavoleite.com.br\/blog\/retracao-da-gengiva-restauracao-com-resina\/\" target=\"_blank\" rel=\"noopener\"><span style=\"color: #3366ff;\"><span style=\"color: #470047;\">\u2713<\/span><span style=\"color: #333333;\">\u00a0<\/span> restaura\u00e7\u00e3o dent\u00e1ria em resina<\/span><\/a> ou <a href=\"https:\/\/luisgustavoleite.com.br\/blog\/restauracao-em-resina-ou-porcelana\/\" target=\"_blank\" rel=\"noopener\"><span style=\"color: #3366ff;\">porcelana<\/span><\/a>;<\/p>\n<p>\u00a0<\/p>\n<p><span style=\"color: #470047;\">\u2713<\/span>\u00a0 recobrimento cir\u00fargico (cirurgia pl\u00e1stica gengival);<\/p>\n<p>\u00a0<\/p>\n<p><span style=\"color: #470047;\">\u2713<\/span>\u00a0 instru\u00e7\u00f5es de higiene oral personalizadas \u00e0s \u00e1reas problem\u00e1ticas;<\/p>\n<p>\u00a0<\/p>\n<p><span style=\"color: #470047;\">\u2713<\/span>\u00a0 utiliza\u00e7\u00e3o de instrumentos de higiene oral mais eficientes e menos traum\u00e1ticos \u00e0s gengivas;<\/p>\n<p>\u00a0<\/p>\n<figure id=\"attachment_15979\" aria-describedby=\"caption-attachment-15979\" style=\"width: 800px\" class=\"wp-caption aligncenter\"><a href=\"https:\/\/luisgustavoleite.com.br\/blog\/wp-content\/uploads\/2019\/05\/sangramento-gengival-mau-h\u00e1lito-e-halitose.jpg\"><img decoding=\"async\" loading=\"lazy\" class=\"size-full wp-image-15979\" src=\"https:\/\/luisgustavoleite.com.br\/blog\/wp-content\/uploads\/2019\/05\/sangramento-gengival-mau-h\u00e1lito-e-halitose.jpg\" alt=\"sangramento gengival mau h\u00e1lito e halitose\" width=\"800\" height=\"480\" srcset=\"https:\/\/luisgustavoleite.com.br\/blog\/wp-content\/uploads\/2019\/05\/sangramento-gengival-mau-h\u00e1lito-e-halitose.jpg 800w, https:\/\/luisgustavoleite.com.br\/blog\/wp-content\/uploads\/2019\/05\/sangramento-gengival-mau-h\u00e1lito-e-halitose-300x180.jpg 300w, https:\/\/luisgustavoleite.com.br\/blog\/wp-content\/uploads\/2019\/05\/sangramento-gengival-mau-h\u00e1lito-e-halitose-768x461.jpg 768w\" sizes=\"(max-width: 800px) 100vw, 800px\" \/><\/a><figcaption id=\"caption-attachment-15979\" class=\"wp-caption-text\">O sangramento gengival, um sinal cl\u00ednico da gengivite ou periodontite, tamb\u00e9m provoca mau h\u00e1lito.<\/figcaption><\/figure>\n<p>\u00a0<\/p>\n<p>\u00a0<\/p>\n<h2><span style=\"color: #470047;\">Recuperando gengivas retra\u00eddas.<\/span><\/h2>\n<p>\u00a0<\/p>\n<p>Os danos est\u00e9ticos provocados pela retra\u00e7\u00e3o gengival ainda s\u00e3o os principais motivos para busca por tratamentos odontol\u00f3givos. Al\u00e9m da mensura\u00e7\u00e3o da recess\u00e3o das gengivas e ado\u00e7\u00e3o de novas t\u00e9cnicas de higieniza\u00e7\u00e3o oral, procedimentos para recupera\u00e7\u00e3o de gengivas retra\u00eddas podem ser necess\u00e1rios para eliminar problemas como a sensibilidade dentin\u00e1ria e forma\u00e7\u00e3o de cavidades profundas sobre as ra\u00edzes dent\u00e1rias.<\/p>\n<p>\u00a0<\/p>\n<p>As duas principais t\u00e9cnicas para recuperar gengivas retra\u00eddas s\u00e3o a <a href=\"https:\/\/luisgustavoleite.com.br\/blog\/cirurgia-plastica-gengival-em-porto-alegre-1\/\" target=\"_blank\" rel=\"noopener\"><span style=\"color: #3366ff;\">cirurgia pl\u00e1stica gengival<\/span><\/a> para recobrimento de raiz dent\u00e1ria exposta ou a prote\u00e7\u00e3o direta desta atrav\u00e9s de restaura\u00e7\u00f5es dent\u00e1rias em resina. A que oferece resultados est\u00e9ticos e funcionais mais pr\u00f3ximos \u00e0 recupera\u00e7\u00e3o ideal da recess\u00e3o \u00e9 a <a href=\"https:\/\/luisgustavoleite.com.br\/blog\/plastica-gengival\/\" target=\"_blank\" rel=\"noopener\"><span style=\"color: #3366ff;\">pl\u00e1stica gengival<\/span><\/a>, com ou sem enxerto de gengivas. Ideal para os pacientes mais exigentes com a est\u00e9tica do seu sorriso, tamb\u00e9m \u00e9 a que oferece maior durabilidade de resultados.<\/p>\n<p>\u00a0<\/p>\n<p>O recobrimento de raiz dent\u00e1ria exposta por restaura\u00e7\u00e3o em resina ainda \u00e9 o procedimento mais realizado para aliviar a sensibilidade dentin\u00e1ria e promover al\u00edvio est\u00e9tico ao sorriso afetado pela recess\u00e3o gengival. Apesar da praticidade e pre\u00e7o mais em conta desta t\u00e9cnica, este tipo de tratamento exige cuidados redobrados para que falhas na adapta\u00e7\u00e3o das resinas ao dente n\u00e3o facilite o ac\u00famulo de placa bacteriana e resulte em problemas como a gengivite e periodontite ou<a href=\"https:\/\/luisgustavoleite.com.br\/blog\/restauracao-infiltrada-com-infiltracao\/\" target=\"_blank\" rel=\"noopener\"><span style=\"color: #3366ff;\"> infiltra\u00e7\u00e3o por c\u00e1rie dent\u00e1ria<\/span><\/a>.<\/p>\n<p>\u00a0<\/p>\n<figure id=\"attachment_15978\" aria-describedby=\"caption-attachment-15978\" style=\"width: 800px\" class=\"wp-caption aligncenter\"><a href=\"https:\/\/luisgustavoleite.com.br\/blog\/wp-content\/uploads\/2019\/05\/retra\u00e7\u00e3o-da-gengiva-risco-para-perda-dent\u00e1ria.jpg\"><img decoding=\"async\" loading=\"lazy\" class=\"size-full wp-image-15978\" src=\"https:\/\/luisgustavoleite.com.br\/blog\/wp-content\/uploads\/2019\/05\/retra\u00e7\u00e3o-da-gengiva-risco-para-perda-dent\u00e1ria.jpg\" alt=\"retra\u00e7\u00e3o da gengiva risco para perda dent\u00e1ria\" width=\"800\" height=\"480\" srcset=\"https:\/\/luisgustavoleite.com.br\/blog\/wp-content\/uploads\/2019\/05\/retra\u00e7\u00e3o-da-gengiva-risco-para-perda-dent\u00e1ria.jpg 800w, https:\/\/luisgustavoleite.com.br\/blog\/wp-content\/uploads\/2019\/05\/retra\u00e7\u00e3o-da-gengiva-risco-para-perda-dent\u00e1ria-300x180.jpg 300w, https:\/\/luisgustavoleite.com.br\/blog\/wp-content\/uploads\/2019\/05\/retra\u00e7\u00e3o-da-gengiva-risco-para-perda-dent\u00e1ria-768x461.jpg 768w\" sizes=\"(max-width: 800px) 100vw, 800px\" \/><\/a><figcaption id=\"caption-attachment-15978\" class=\"wp-caption-text\">A retra\u00e7\u00e3o gengival \u00e9 sequela da perda do osso que circunda as ra\u00edzes dent\u00e1rias.<\/figcaption><\/figure>\n<p>\u00a0<\/p>\n<p>\u00a0<\/p>\n<h2><span style=\"color: #470047;\">Cirurgia pl\u00e1stica gengival como parte do tratamento da halitose.<\/span><\/h2>\n<p>\u00a0<\/p>\n<p>A cirurgia pl\u00e1stica gengival re\u00fane um grupo de t\u00e9cnicas com m\u00faltiplas indica\u00e7\u00f5es que v\u00e3o do alinhamento das gengivas ao recobrimento de raiz dent\u00e1ria exposta por recess\u00e3o. Apesar das varia\u00e7\u00f5es t\u00e9cnicas, o procedimento \u00e9 divido conforme o uso de enxertos de gengiva proveniente do pr\u00f3prio paciente (aut\u00f3geno) ou provenientes de fontes animais (al\u00f3genas).<\/p>\n<p>\u00a0<\/p>\n<p>A halitose associada \u00e0 retra\u00e7\u00e3o gengival pode ser beneficiada pela pl\u00e1stica gengival em diversas ocasi\u00f5es. A reconstru\u00e7\u00e3o da arquitetura gengival facilita a remo\u00e7\u00e3o da placa bacteriana respons\u00e1vel pela gengivite e periodontite. Veja como estas t\u00e9cnicas cir\u00fargicas atuam para eliminar ou amenizar o mau h\u00e1lito associado ao ac\u00famulo de placba bacteriana e inflama\u00e7\u00f5es gengivais.<\/p>\n<p>\u00a0<\/p>\n<h3><span style=\"color: #470047;\">pl\u00e1stica gengival sem enxerto<\/span><\/h3>\n<p>O <a href=\"https:\/\/luisgustavoleite.com.br\/blog\/recessao-gengival\/\" target=\"_blank\" rel=\"noopener\"><span style=\"color: #3366ff;\">recobrimento radicular por cirurgia sem enxerto gengival<\/span><\/a> traz p\u00f3s-operat\u00f3rio mais simples e r\u00e1pido. Suas indica\u00e7\u00f5es v\u00e3o para os casos com recess\u00f5es em est\u00e1gio inicial, presen\u00e7a de papilas interdentais \u00edntegras e biotipo gengival espesso.<\/p>\n<p>\u00a0<\/p>\n<h3><span style=\"color: #470047;\">pl\u00e1stica gengival com enxerto<\/span><\/h3>\n<p><a href=\"https:\/\/luisgustavoleite.com.br\/blog\/enxerto-gengival\/\" target=\"_blank\" rel=\"noopener\"><span style=\"color: #3366ff;\">Enxertos de gengiva<\/span><\/a> pode ser utilizados para <a href=\"https:\/\/luisgustavoleite.com.br\/blog\/tratamento-da-retracao-gengival\/\" target=\"_blank\" rel=\"noopener\"><span style=\"color: #3366ff;\">aumentar a espessura das gengivas em biotipo finos<\/span><\/a>, uma condi\u00e7\u00e3o anat\u00f4mica que facilita recess\u00e3o gengival e melhora o progn\u00f3stico da cirurgia para recobrimento de ra\u00edzes dent\u00e1rias exposta. Indicada para casos mais severos de retra\u00e7\u00e3o, a t\u00e9cnica exige <a href=\"https:\/\/luisgustavoleite.com.br\/blog\/cirurgia-gengival-pos-operatorio\/\" target=\"_blank\" rel=\"noopener\"><span style=\"color: #3366ff;\">cuidados intensos no p\u00f3s-operat\u00f3rio<\/span><\/a>, e com resultados eficientes e duradouros.<\/p>\n<p>\u00a0<\/p>\n<figure id=\"attachment_15980\" aria-describedby=\"caption-attachment-15980\" style=\"width: 800px\" class=\"wp-caption aligncenter\"><a href=\"https:\/\/luisgustavoleite.com.br\/blog\/wp-content\/uploads\/2019\/05\/gengiva-retra\u00edda-cirurgia-pl\u00e1stica-gengival-sem-enxerto-gengival.jpg\"><img decoding=\"async\" loading=\"lazy\" class=\"size-full wp-image-15980\" src=\"https:\/\/luisgustavoleite.com.br\/blog\/wp-content\/uploads\/2019\/05\/gengiva-retra\u00edda-cirurgia-pl\u00e1stica-gengival-sem-enxerto-gengival.jpg\" alt=\"gengiva retra\u00edda cirurgia pl\u00e1stica gengival sem enxerto gengival\" width=\"800\" height=\"480\" srcset=\"https:\/\/luisgustavoleite.com.br\/blog\/wp-content\/uploads\/2019\/05\/gengiva-retra\u00edda-cirurgia-pl\u00e1stica-gengival-sem-enxerto-gengival.jpg 800w, https:\/\/luisgustavoleite.com.br\/blog\/wp-content\/uploads\/2019\/05\/gengiva-retra\u00edda-cirurgia-pl\u00e1stica-gengival-sem-enxerto-gengival-300x180.jpg 300w, https:\/\/luisgustavoleite.com.br\/blog\/wp-content\/uploads\/2019\/05\/gengiva-retra\u00edda-cirurgia-pl\u00e1stica-gengival-sem-enxerto-gengival-768x461.jpg 768w\" sizes=\"(max-width: 800px) 100vw, 800px\" \/><\/a><figcaption id=\"caption-attachment-15980\" class=\"wp-caption-text\">Cirurgia pl\u00e1stica gengival com enxerto gengival: resultados duradouros no tratamento da retra\u00e7\u00e3o gengival.<\/figcaption><\/figure>\n<p>\u00a0<\/p>\n<p>\u00a0<\/p>\n<h2><span style=\"color: #470047;\">Prevenindo o mau h\u00e1lito: da escova\u00e7\u00e3o da l\u00edngua ao uso de escovas dent\u00e1rias mais eficientes.<\/span><\/h2>\n<p>\u00a0<\/p>\n<p>A halitose pode trazer situa\u00e7\u00f5es sociais de constrangimento ainda mais intensas do que problemas est\u00e9ticos do sorriso. Quando originada na cavidade bucal, cabe ao <a href=\"http:\/\/luisgustavoleite.com.br\/tratamentos\/halitose-mau-halito-dentista-em-porto-alegre.php\" target=\"_blank\" rel=\"noopener\"><span style=\"color: #3366ff;\">dentista dedicado ao tratamento do mau h\u00e1lito<\/span><\/a> identificar os locais de origem e adotar medidas terap\u00eauticas com medidas de preven\u00e7\u00e3o inclu\u00eddas que v\u00e3o muito al\u00e9m das utilizadas na terapia da retra\u00e7\u00e3o gengival. Veja uma lista com dicas para prevenir o aparecimento de odores desagrad\u00e1veis provenientes da boca:<\/p>\n<p>\u00a0<\/p>\n<p><span style=\"color: #470047;\">\u2713<\/span>\u00a0 consultas regulares e anuais ao dentista;<\/p>\n<p>\u00a0<\/p>\n<p><span style=\"color: #470047;\">\u2713<\/span>\u00a0 higieniza\u00e7\u00e3o da l\u00edngua (local de maior ac\u00famulo, na cavidade bucal, de restos de alimentos e placa bacteriana);<\/p>\n<p>\u00a0<\/p>\n<p><span style=\"color: #470047;\">\u2713<\/span>\u00a0 ado\u00e7\u00e3o de h\u00e1bitos de higiene oral eficientes e regulares;<\/p>\n<p>\u00a0<\/p>\n<p><span style=\"color: #470047;\">\u2713<\/span>\u00a0 uso de instrumentos de higieniza\u00e7\u00e3o adequados;<\/p>\n<p>\u00a0<\/p>\n<p><span style=\"color: #470047;\">\u2713<\/span>\u00a0 dieta menos propensa \u00e0 fermenta\u00e7\u00e3o oral ou naturalmente produtoras de odores desagrad\u00e1veis.<\/p>\n<p>\u00a0<\/p>\n<p><a href=\"http:\/\/luisgustavoleite.com.br\/tratamentos\/halitose-mau-halito-dentista-em-porto-alegre.php\" target=\"_blank\" rel=\"noopener\"><span style=\"color: #3366ff;\"><em>Ainda em d\u00favida? Saiba mais sobre tratamento do mau h\u00e1lito.<\/em><\/span><\/a><\/p>\n<p><span style=\"color: #470047;\"><em>Ou aproveite para ler os posts relacionados:<\/em><\/span><\/p>\n","protected":false},"excerpt":{"rendered":"<p>A retra\u00e7\u00e3o gengival pode at\u00e9 mesmo ser a causa para o mau h\u00e1lito, a halitose. Conhe\u00e7a como isto acontece e o tratamento da halitose em indiv\u00edduos com gengiva retra\u00edda. \u00a0 Lu\u00eds Gustavo Leite \u00e9 dentista especialista em pr\u00f3teses dent\u00e1rias e periodontia, ambas pela UFRGS, em\u00a0Porto Alegre. \u00a0 \u00a0 \u00a0 Retra\u00e7\u00e3o gengival, um problema que vai [&hellip;]<\/p>\n","protected":false},"author":4,"featured_media":15974,"comment_status":"open","ping_status":"open","sticky":false,"template":"","format":"standard","meta":[],"categories":[60],"tags":[28,518,519,517,26,257,105],"_links":{"self":[{"href":"https:\/\/luisgustavoleite.com.br\/blog\/wp-json\/wp\/v2\/posts\/15922"}],"collection":[{"href":"https:\/\/luisgustavoleite.com.br\/blog\/wp-json\/wp\/v2\/posts"}],"about":[{"href":"https:\/\/luisgustavoleite.com.br\/blog\/wp-json\/wp\/v2\/types\/post"}],"author":[{"embeddable":true,"href":"https:\/\/luisgustavoleite.com.br\/blog\/wp-json\/wp\/v2\/users\/4"}],"replies":[{"embeddable":true,"href":"https:\/\/luisgustavoleite.com.br\/blog\/wp-json\/wp\/v2\/comments?post=15922"}],"version-history":[{"count":50,"href":"https:\/\/luisgustavoleite.com.br\/blog\/wp-json\/wp\/v2\/posts\/15922\/revisions"}],"predecessor-version":[{"id":16526,"href":"https:\/\/luisgustavoleite.com.br\/blog\/wp-json\/wp\/v2\/posts\/15922\/revisions\/16526"}],"wp:featuredmedia":[{"embeddable":true,"href":"https:\/\/luisgustavoleite.com.br\/blog\/wp-json\/wp\/v2\/media\/15974"}],"wp:attachment":[{"href":"https:\/\/luisgustavoleite.com.br\/blog\/wp-json\/wp\/v2\/media?parent=15922"}],"wp:term":[{"taxonomy":"category","embeddable":true,"href":"https:\/\/luisgustavoleite.com.br\/blog\/wp-json\/wp\/v2\/categories?post=15922"},{"taxonomy":"post_tag","embeddable":true,"href":"https:\/\/luisgustavoleite.com.br\/blog\/wp-json\/wp\/v2\/tags?post=15922"}],"curies":[{"name":"wp","href":"https:\/\/api.w.org\/{rel}","templated":true}]}}