{"id":20199,"date":"2020-02-08T23:05:13","date_gmt":"2020-02-09T02:05:13","guid":{"rendered":"https:\/\/luisgustavoleite.com.br\/blog\/?p=20199"},"modified":"2020-02-08T23:05:15","modified_gmt":"2020-02-09T02:05:15","slug":"enxerto-de-gengiva-indicacoes-pros-e-contras","status":"publish","type":"post","link":"https:\/\/luisgustavoleite.com.br\/blog\/enxerto-de-gengiva-indicacoes-pros-e-contras\/","title":{"rendered":"Enxerto de gengiva: as indica\u00e7\u00f5es, pr\u00f3s e contras super explicadas."},"content":{"rendered":"\n<p>Conhe\u00e7a as indica\u00e7\u00f5es, pr\u00f3s e contras do enxerto de gengiva utilizado na cirurgia pl\u00e1stica gengival, com informa\u00e7\u00f5es essenciais sobre problemas, complica\u00e7\u00f5es, p\u00f3s-operat\u00f3rio, dor, cuidados, cicatriza\u00e7\u00e3o e rejei\u00e7\u00e3o do tratamento.<\/p>\n<p>&nbsp;<\/p>\n<p>&nbsp;<em><img decoding=\"async\" loading=\"lazy\" class=\"alignleft\" src=\"https:\/\/luisgustavoleite.com.br\/blog\/wp-content\/uploads\/2018\/10\/eu.jpg\" alt=\"\" width=\"70\" height=\"70\"><span style=\"color: #470047;\">Lu\u00eds Gustavo Leite \u00e9 dentista especialista em enxerto gengival (periodontia) e pr\u00f3tese dent\u00e1ria, ambas pela UFRGS, em&nbsp;<strong>Porto Alegre<\/strong>.<\/span><\/em><\/p>\n<p>&nbsp;<\/p>\n<p>&nbsp;<\/p>\n<h2><span style=\"color: #470047;\">Enxerto de gengiva, um procedimento al\u00e9m da est\u00e9tica gengival.<\/span><\/h2>\n<p><strong>&nbsp;<\/strong><\/p>\n<p>A explos\u00e3o na procura por tratamentos em <a href=\"https:\/\/luisgustavoleite.com.br\/blog\/odontologia-estetica-em-porto-alegre\/\" target=\"_blank\" rel=\"noopener\"><span style=\"color: #8080ff;\">odontologia est\u00e9tica<\/span><\/a> \u00e9 um fen\u00f4meno relativamente recente cujo leque j\u00e1 eleveado de procedimentos aumenta a cada dia. Entre eles, as novas t\u00e9cnicas e materiais para <a href=\"https:\/\/luisgustavoleite.com.br\/blog\/cirurgia-plastica-gengival-em-porto-alegre-1\/\" target=\"_blank\" rel=\"noopener\"><span style=\"color: #8080ff;\">cirurgia pl\u00e1stica gengival<\/span><\/a>, como o enxerto gengival, v\u00eam ganhando destaque e mostrando-se indispens\u00e1veis seja na constru\u00e7\u00e3o de sorrisos mais harm\u00f4nicos ou na corre\u00e7\u00e3o de falhas anat\u00f4micas.<\/p>\n<p>&nbsp;<\/p>\n<p>O tratamento com <a href=\"https:\/\/luisgustavoleite.com.br\/blog\/enxerto-gengival\/\" target=\"_blank\" rel=\"noopener\"><span style=\"color: #8080ff;\">enxerto gengival<\/span><\/a> \u00e9 um procedimento odontol\u00f3gico simples por\u00e9m delicado. Idealizado para ser realizado na t\u00e9cnica aut\u00f3gena, em que o tecido gengival enxertado \u00e9 proveniente do pr\u00f3prio paciente, ele tamb\u00e9m pode utilizar materiais alternativos biossint\u00e9ticos, obtidos a partir de matrizes animais, ou totalmente sint\u00e9ticos.<\/p>\n<p>&nbsp;<\/p>\n<p>Outra caracter\u00edstica \u00edmpar da t\u00e9cnica \u00e9 o seu p\u00f3s-operat\u00f3rio cuidadoso e cheio de restri\u00e7\u00f5es em que a sele\u00e7\u00e3o criteriosa da t\u00e9cnica cir\u00fargica \u00e9 fundamental para evitar resultados frustrantes frente \u00e0s in\u00fameras indica\u00e7\u00f5es, pr\u00f3s e contras que precisam ser decoradas antes de iniciar o tratamento. E para que tudo d\u00ea certo, conhecer os detalhes deste procedimento que vai muito al\u00e9m da recupera\u00e7\u00e3o est\u00e9tica do sorriso \u00e9 importante.<\/p>\n<p>&nbsp;&nbsp;<\/p>\n<figure id=\"attachment_14398\" aria-describedby=\"caption-attachment-14398\" style=\"width: 800px\" class=\"wp-caption aligncenter\"><a href=\"https:\/\/luisgustavoleite.com.br\/blog\/wp-content\/uploads\/2019\/02\/retra\u00e7\u00e3o-gengival-cirurgia-com-enxerto.jpg\"><img decoding=\"async\" loading=\"lazy\" class=\"size-full wp-image-14398\" src=\"https:\/\/luisgustavoleite.com.br\/blog\/wp-content\/uploads\/2019\/02\/retra\u00e7\u00e3o-gengival-cirurgia-com-enxerto.jpg\" alt=\"Enxerto gengival\" width=\"800\" height=\"480\" srcset=\"https:\/\/luisgustavoleite.com.br\/blog\/wp-content\/uploads\/2019\/02\/retra\u00e7\u00e3o-gengival-cirurgia-com-enxerto.jpg 800w, https:\/\/luisgustavoleite.com.br\/blog\/wp-content\/uploads\/2019\/02\/retra\u00e7\u00e3o-gengival-cirurgia-com-enxerto-300x180.jpg 300w, https:\/\/luisgustavoleite.com.br\/blog\/wp-content\/uploads\/2019\/02\/retra\u00e7\u00e3o-gengival-cirurgia-com-enxerto-768x461.jpg 768w\" sizes=\"(max-width: 800px) 100vw, 800px\" \/><\/a><figcaption id=\"caption-attachment-14398\" class=\"wp-caption-text\">Enxerto gengival na t\u00e9cnica aut\u00f3gena: gengivas s\u00e3o coletadas do pr\u00f3prio paciente de a\u00e9ras n\u00e3o est\u00e9ticas.<\/figcaption><\/figure>\n<p>&nbsp;<\/p>\n<p>&nbsp;<\/p>\n<h2><span style=\"color: #470047;\">Indica\u00e7\u00f5es do enxerto gengival.<\/span><\/h2>\n<p><strong>&nbsp;<\/strong><\/p>\n<p>As m\u00faltiplas indica\u00e7\u00f5es do enxerto de gengiva s\u00e3o lembradas pelo periodontista, o dentista especializado em gengivas, como a principal caracter\u00edstica deste tipo de cirurgia. Indicadas desde o <span style=\"color: #8080ff;\"><a style=\"color: #8080ff;\" href=\"https:\/\/luisgustavoleite.com.br\/blog\/raiz-dentaria-exposta\/\" target=\"_blank\" rel=\"noopener\">recobrimento de raiz dent\u00e1ria exposta<\/a><\/span> \u00e0 reconstru\u00e7\u00e3o de falhas est\u00e9ticas junto a implantes dent\u00e1rios ou <a href=\"https:\/\/luisgustavoleite.com.br\/blog\/protese-dentaria-fixa-tratamentos\/\" target=\"_blank\" rel=\"noopener\"><span style=\"color: #8080ff;\">pr\u00f3tese fixa em porcelana<\/span><\/a>, sua utiliza\u00e7\u00e3o pode ser indispens\u00e1vel at\u00e9 mesmo a procedimentos mais complexos como os <a href=\"https:\/\/luisgustavoleite.com.br\/blog\/laminados-ceramicos\/\" target=\"_blank\" rel=\"noopener\"><span style=\"color: #8080ff;\">laminados cer\u00e2micos<\/span><\/a>, nas t\u00e9cnicas com <a href=\"https:\/\/luisgustavoleite.com.br\/blog\/lente-de-contato-dental-em-resina-2\/\" target=\"_blank\" rel=\"noopener\"><span style=\"color: #8080ff;\">lente de contato dental<\/span><\/a> e <a href=\"https:\/\/luisgustavoleite.com.br\/blog\/faceta-de-porcelana-pros-e-contras\/\" target=\"_blank\" rel=\"noopener\"><span style=\"color: #8080ff;\">faceta de porcelana<\/span><\/a>.<\/p>\n<p>&nbsp;<\/p>\n<p>Conhe\u00e7a as indica\u00e7\u00f5es do enxerto gengival, seja na corre\u00e7\u00e3o de falhas anat\u00f4micas ocorridas por perdas \u00f3sseas ou na otimiza\u00e7\u00e3o est\u00e9tica de tratamentos est\u00e9ticos de impacto com laminados cer\u00e2micos e pr\u00f3tese dent\u00e1ria fixa em porcelana:<\/p>\n<p>&nbsp;<\/p>\n<p><span style=\"color: #470047;\">\u2713<\/span> recupera\u00e7\u00e3o de <a href=\"https:\/\/luisgustavoleite.com.br\/blog\/enxerto-gengival-para-gengiva-retraida\/\" target=\"_blank\" rel=\"noopener\"><span style=\"color: #8080ff;\">gengivas retra\u00eddas<\/span><\/a> em dentes naturais e implantes dent\u00e1rios;<\/p>\n<p>&nbsp;<\/p>\n<p><span style=\"color: #470047;\">\u2713<\/span> tratamento de gengivas escurecidas por metal de pr\u00f3teses dent\u00e1rias e implantes;<\/p>\n<p>&nbsp;<\/p>\n<p><span style=\"color: #470047;\">\u2713<\/span> reconstru\u00e7\u00e3o est\u00e9tica de falhas causadas por perdas \u00f3sseas;<\/p>\n<p>&nbsp;<\/p>\n<p><span style=\"color: #470047;\">\u2713<\/span> otimiza\u00e7\u00e3o est\u00e9tica em cirurgia pl\u00e1stica gengival;<\/p>\n<p>&nbsp;<\/p>\n<p><span style=\"color: #470047;\">\u2713<\/span> preven\u00e7\u00e3o de retra\u00e7\u00e3o gengival;<\/p>\n<p>&nbsp;<\/p>\n<p><span style=\"color: #470047;\">\u2713<\/span> diminui\u00e7\u00e3o de \u00e1reas que atuam fatores retentivos de placa bacteriana.<\/p>\n<p>&nbsp;<\/p>\n<figure id=\"attachment_18263\" aria-describedby=\"caption-attachment-18263\" style=\"width: 748px\" class=\"wp-caption aligncenter\"><a href=\"https:\/\/luisgustavoleite.com.br\/blog\/wp-content\/uploads\/2019\/09\/retra\u00e7\u00e3o-gengival-causa-trauma-de-escova\u00e7\u00e3o.jpg\"><img decoding=\"async\" loading=\"lazy\" class=\"size-full wp-image-18263\" src=\"https:\/\/luisgustavoleite.com.br\/blog\/wp-content\/uploads\/2019\/09\/retra\u00e7\u00e3o-gengival-causa-trauma-de-escova\u00e7\u00e3o.jpg\" alt=\"reta\u00e7\u00e3o gengival e enxerto de gengiva\" width=\"748\" height=\"448\" srcset=\"https:\/\/luisgustavoleite.com.br\/blog\/wp-content\/uploads\/2019\/09\/retra\u00e7\u00e3o-gengival-causa-trauma-de-escova\u00e7\u00e3o.jpg 748w, https:\/\/luisgustavoleite.com.br\/blog\/wp-content\/uploads\/2019\/09\/retra\u00e7\u00e3o-gengival-causa-trauma-de-escova\u00e7\u00e3o-300x180.jpg 300w\" sizes=\"(max-width: 748px) 100vw, 748px\" \/><\/a><figcaption id=\"caption-attachment-18263\" class=\"wp-caption-text\">A retra\u00e7\u00e3o gengival em indiv\u00edduos com biotipo tecidual fino \u00e9 uma das indica\u00e7\u00f5es do enxerto de gengivas.<\/figcaption><\/figure>\n<p>&nbsp;<\/p>\n<p>&nbsp;<\/p>\n<h2><span style=\"color: #470047;\">Pr\u00f3s e contras do enxerto gengival.<\/span><\/h2>\n<p><strong>&nbsp;<\/strong><\/p>\n<p>Procedimentos cir\u00fargicos com enxerto de gengivas trazem indica\u00e7\u00f5es, pr\u00f3s e contras que precisam ser levados em conta antes de iniciar o tratamento. Al\u00e9m das restri\u00e7\u00f5es e limita\u00e7\u00f5es inerentes \u00e0 t\u00e9cnica, a sele\u00e7\u00e3o entre tecidos aut\u00f3gena, bissont\u00e9ticos (obtidos a partir de matriz animal) ou sint\u00e9ticos, precisa ser analisada, caso a caso, para melhorar o progn\u00f3stico cir\u00fargico, reduzir o per\u00edodo p\u00f3s-operat\u00f3rio e eliminar custos desnecess\u00e1rios ao tratamento.<\/p>\n<p>&nbsp;<\/p>\n<h3><span style=\"color: #470047;\">Pr\u00f3s<\/span><\/h3>\n<p>&nbsp;<\/p>\n<p><span style=\"color: #470047;\">\u2713<\/span> melhor progn\u00f3stico comparado \u00e0 t\u00e9cnica sem enxerto gengival;<\/p>\n<p>&nbsp;<\/p>\n<p><span style=\"color: #470047;\">\u2713<\/span> resultados duradouros;<\/p>\n<p>&nbsp;<\/p>\n<p><span style=\"color: #470047;\">\u2713<\/span> baixas complica\u00e7\u00f5es p\u00f3s-operat\u00f3rias;<\/p>\n<p>&nbsp;<\/p>\n<p><span style=\"color: #470047;\">\u2713<\/span> alta resolutividade est\u00e9tica;<\/p>\n<p>&nbsp;<\/p>\n<p><span style=\"color: #470047;\">\u2713<\/span> dor p\u00f3s-operat\u00f3ria leve e f\u00e1cil de ser controlada por analg\u00e9sicos simples.<\/p>\n<p>&nbsp;<\/p>\n<h3><span style=\"color: #470047;\">Contras<\/span><\/h3>\n<p>&nbsp;<\/p>\n<p><span style=\"color: #470047;\">\u2713<\/span> p\u00f3s-operat\u00f3rio exige cuidados intensos;<\/p>\n<p>&nbsp;<\/p>\n<p><span style=\"color: #470047;\">\u2713<\/span> custo adicional.<\/p>\n<p><strong>&nbsp;<\/strong><\/p>\n<p><strong>&nbsp;<\/strong><\/p>\n<h2><span style=\"color: #470047;\">Enxerto de gengiva natural ou biossint\u00e9tico?<\/span><\/h2>\n<p><strong>&nbsp;<\/strong><\/p>\n<p>Existe ainda muita confus\u00e3o a respeito dos <a href=\"https:\/\/luisgustavoleite.com.br\/blog\/enxerto-gengival-natural-ou-biossintetico-compare-as-diferencas\/\" target=\"_blank\" rel=\"noopener\"><span style=\"color: #8080ff;\">tipos de enxerto de gengiva utilizados<\/span><\/a> &#8211; natural, biossint\u00e9tico ou sint\u00e9tico. Apesar deste ser um assunto mais restrito \u00e0 atua\u00e7\u00e3o do periodontista, o dentista especializado em enxerto gengival, d\u00e1, sim, para entender o necess\u00e1rio para participar da sele\u00e7\u00e3o do melhor material. Em primeiro lugar, \u00e9 preciso saber que os tecidos enxertados podem ser divididos em coletados do pr\u00f3prio paciente (aut\u00f3geno) ou obtidos atrav\u00e9s de processos industriais de fabrica\u00e7\u00e3o (biossint\u00e9tico e sint\u00e9tico).<\/p>\n<p>&nbsp;<\/p>\n<p>O enxerto gengival aut\u00f3geno, coletado do pr\u00f3prio paciente, pode ser extra\u00eddo do palato, mais frequente, ou de regi\u00f5es posteriores da maxila e mand\u00edbula. Na maioria das vezes, esta t\u00e9cnica \u00e9 utilizada na vers\u00e3o com enxerto de tecido conjuntivo, um procedimento com p\u00f3s-operat\u00f3rio mais confort\u00e1vel em que apenas a camada interna das gengivas \u00e9 utilizada.<\/p>\n<p>&nbsp;<\/p>\n<p>J\u00e1 o <a href=\"https:\/\/luisgustavoleite.com.br\/blog\/enxerto-para-retracao-gengival\/\" target=\"_blank\" rel=\"noopener\"><span style=\"color: #8080ff;\">enxerto de gengiva pr\u00e9-fabricado,<\/span><\/a> menos eficiente para casos mais complexos de retra\u00e7\u00e3o gengival ou aumento de volume tecidual, traz vantagens como p\u00f3s-operat\u00f3rio mais simples e diminui\u00e7\u00e3o do tempo da cirurgia. Existem v\u00e1rios materiais dispon\u00edveis, sendo o mais utilizado obtido a partir de matrizes animais (biossint\u00e9tico), fabricado atrav\u00e9s de um processo complexo e que costuma encarecer o pre\u00e7o do tratamento.<\/p>\n<p>&nbsp;<\/p>\n<p>A sele\u00e7\u00e3o do tipo de enxerto de gengiva que ser\u00e1 utilizado na tratamento depende de v\u00e1rios fatores. Enquanto quest\u00f5es como um p\u00f3s-operat\u00f3rio mais tranquilo favore\u00e7am o uso de tecidos pr\u00e9-fabricados, fatores como n\u00famero de dentes envolvidos ou biotipo gengival &#8211; <a href=\"https:\/\/luisgustavoleite.com.br\/blog\/tratamento-da-retracao-gengival\/\" target=\"_blank\" rel=\"noopener\"><span style=\"color: #8080ff;\">gengivas finas trazem progn\u00f3stico desfavor\u00e1vel \u00e0 t\u00e9cnica cir\u00fargica simples<\/span><\/a> &#8211; podem fazer do enxerto aut\u00f3gena a \u00fanica pass\u00edvel de resultados (relativamente) previs\u00edveis e duradouros.<\/p>\n<p>&nbsp;<\/p>\n<figure id=\"attachment_14041\" aria-describedby=\"caption-attachment-14041\" style=\"width: 800px\" class=\"wp-caption aligncenter\"><a href=\"https:\/\/luisgustavoleite.com.br\/blog\/wp-content\/uploads\/2018\/11\/plastica-gengival-enxerto-gengival.jpg\"><img decoding=\"async\" loading=\"lazy\" class=\"size-full wp-image-14041\" src=\"https:\/\/luisgustavoleite.com.br\/blog\/wp-content\/uploads\/2018\/11\/plastica-gengival-enxerto-gengival.jpg\" alt=\"cirurgia com enxerto gengival natural\" width=\"800\" height=\"480\" srcset=\"https:\/\/luisgustavoleite.com.br\/blog\/wp-content\/uploads\/2018\/11\/plastica-gengival-enxerto-gengival.jpg 800w, https:\/\/luisgustavoleite.com.br\/blog\/wp-content\/uploads\/2018\/11\/plastica-gengival-enxerto-gengival-300x180.jpg 300w, https:\/\/luisgustavoleite.com.br\/blog\/wp-content\/uploads\/2018\/11\/plastica-gengival-enxerto-gengival-768x461.jpg 768w\" sizes=\"(max-width: 800px) 100vw, 800px\" \/><\/a><figcaption id=\"caption-attachment-14041\" class=\"wp-caption-text\">Coleta de enxerto gengival: palato \u00e9 a \u00e1rea doadora mais comum.<\/figcaption><\/figure>\n<p>&nbsp;<\/p>\n<p>&nbsp;<\/p>\n<h2><span style=\"color: #470047;\">Cuidados, p\u00f3s-operat\u00f3rio e dor.<\/span><\/h2>\n<p>&nbsp;<\/p>\n<p>Cirurgias gengivais, mesmo as mais simples como a <a href=\"https:\/\/luisgustavoleite.com.br\/blog\/gengivoplastia-indicacoes-pros-e-contras\/\" target=\"_blank\" rel=\"noopener\"><span style=\"color: #8080ff;\">gengivoplastia<\/span><\/a> e a <a href=\"https:\/\/luisgustavoleite.com.br\/blog\/gengivoplastia-e-gengivectomia-diferenca-entre-cirurgias\/\" target=\"_blank\" rel=\"noopener\"><span style=\"color: #8080ff;\">gengivectomia<\/span><\/a>, exigem dedica\u00e7\u00e3o com os <a href=\"https:\/\/luisgustavoleite.com.br\/blog\/enxerto-gengival-tempo-de-recuperacao\/\" target=\"_blank\" rel=\"noopener\"><span style=\"color: #8080ff;\">cuidados durante o p\u00f3s-operat\u00f3rio do tratamento<\/span><\/a>. Enquanto os incha\u00e7os (edema) s\u00e3o comuns e podem exigir alguns dias de afastamento de atividades f\u00edsicas, s\u00f3cias e de trabalho, as dores, baixa intensidade, s\u00e3o facilmente administr\u00e1veis por analg\u00e9sicos simples.<\/p>\n<p>&nbsp;<\/p>\n<p>Cuidados intensos durante o seu p\u00f3s-operat\u00f3rio podem restringir ao paciente operado at\u00e9 cinco dias de atividades f\u00edsicas intensas, al\u00e9m de in\u00fameras outras medidas indicadas para evitar o deslocamento do tecido enxertado \u2013 principalmente no <a href=\"https:\/\/luisgustavoleite.com.br\/blog\/retracao-gengival-em-porto-alegre\/\" target=\"_blank\" rel=\"noopener\"><span style=\"color: #8080ff;\">tratamento da retra\u00e7\u00e3o gengival<\/span><\/a>. Os primeiros dias s\u00e3o os mais cr\u00edticos e trazem uma lista de cuidados que inclui dieta l\u00edquida, uso de enxaguat\u00f3rios bucais e restri\u00e7\u00e3o \u00e0 movimenta\u00e7\u00e3o labial ou palpa\u00e7\u00e3o direta. Passada a primeira semana, edema e vermelhid\u00e3o j\u00e1 est\u00e3o praticamente ausentes, j\u00e1 sendo poss\u00edvel a retomada da higieniza\u00e7\u00e3o no local operado.<\/p>\n<p>&nbsp;<\/p>\n<p>O controle da dor da cirurgia com enxerto gengival por analg\u00e9sicos cessa ap\u00f3s 24 horas do procedimento. Entretanto, nos casos de tecidos enxertados coletados do pr\u00f3prio paciente, desconfortos dolorosos podem estar presentes at\u00e9 48 horas passados do procedimento, prolongando o uso destes medicamentos. Muitos pacientes relatam desconfortos dolorosos apenas na t\u00e9cnica aut\u00f3gena. Entretanto, a introdu\u00e7\u00e3o de materiais para prote\u00e7\u00e3o de ferida cir\u00fargica podem, a princ\u00edpio, eliminar esta condi\u00e7\u00e3o dolorosa restrita aos primeiros dias do tratamento.<\/p>\n<p><strong>&nbsp;<\/strong><\/p>\n<figure id=\"attachment_9222\" aria-describedby=\"caption-attachment-9222\" style=\"width: 800px\" class=\"wp-caption aligncenter\"><a href=\"https:\/\/luisgustavoleite.com.br\/blog\/wp-content\/uploads\/2017\/08\/retra\u00e7\u00e3o-da-gengiva-e-cirurgia-gengivoplastia-e-enxerto.jpg\"><img decoding=\"async\" loading=\"lazy\" class=\"size-full wp-image-9222\" src=\"https:\/\/luisgustavoleite.com.br\/blog\/wp-content\/uploads\/2017\/08\/retra\u00e7\u00e3o-da-gengiva-e-cirurgia-gengivoplastia-e-enxerto.jpg\" alt=\"cuidados p\u00f3s-operat\u00f3rios\" width=\"800\" height=\"450\" srcset=\"https:\/\/luisgustavoleite.com.br\/blog\/wp-content\/uploads\/2017\/08\/retra\u00e7\u00e3o-da-gengiva-e-cirurgia-gengivoplastia-e-enxerto.jpg 800w, https:\/\/luisgustavoleite.com.br\/blog\/wp-content\/uploads\/2017\/08\/retra\u00e7\u00e3o-da-gengiva-e-cirurgia-gengivoplastia-e-enxerto-300x169.jpg 300w, https:\/\/luisgustavoleite.com.br\/blog\/wp-content\/uploads\/2017\/08\/retra\u00e7\u00e3o-da-gengiva-e-cirurgia-gengivoplastia-e-enxerto-768x432.jpg 768w\" sizes=\"(max-width: 800px) 100vw, 800px\" \/><\/a><figcaption id=\"caption-attachment-9222\" class=\"wp-caption-text\">Cuidados p\u00f3s-operat\u00f3rios em cirurgia gengival exigem dedica\u00e7\u00e3o e aten\u00e7\u00e3o com rela\u00e7\u00e3o \u00e0s restri\u00e7\u00f5es alimentares e de atividades f\u00edsicas.<\/figcaption><\/figure>\n<p>&nbsp;<\/p>\n<p>&nbsp;<\/p>\n<h2><span style=\"color: #470047;\">Problemas, complica\u00e7\u00f5es e rejei\u00e7\u00e3o.<\/span><\/h2>\n<p><strong>&nbsp;<\/strong><\/p>\n<p>Nenhum procedimento odontol\u00f3gico tem seu sucesso t\u00e3o dependente dos cuidados realizados pelo paciente durante o p\u00f3s-operat\u00f3rio quanto este. Problemas e complica\u00e7\u00f5es com enxertos de gengivas podem ter causas variadas. Embora incomuns, sequelas como o aumento da recess\u00e3o gengival por necrose e infec\u00e7\u00e3o podem acompanhar erros profissionais e descuidados por parte do indiv\u00edduo operado.<\/p>\n<p>&nbsp;<\/p>\n<p>A perda do enxerto do gengiva durante o p\u00f3s-operat\u00f3rio \u00e9 o problema mais comum. Quando acontece, suas complica\u00e7\u00f5es s\u00e3o raras e o procedimento pode ser realizado novamente passados alguns meses da cicatriza\u00e7\u00e3o local. Especialistas em periodontia v\u00eam apontando os erros de indica\u00e7\u00e3o, pr\u00f3s e contras como fatores associados ao insucesso do tratamento, mudando bastante a vis\u00e3o de que a n\u00e3o integra\u00e7\u00e3o tecidual possa ser resultado \u00fanico de falhas nos cuidados p\u00f3s-operat\u00f3rios ou de irriga\u00e7\u00e3o sangu\u00ednea deficiente no tecido enxertado.<\/p>\n<p><strong>&nbsp;<\/strong><\/p>\n<figure id=\"attachment_15980\" aria-describedby=\"caption-attachment-15980\" style=\"width: 800px\" class=\"wp-caption aligncenter\"><a href=\"https:\/\/luisgustavoleite.com.br\/blog\/wp-content\/uploads\/2019\/05\/gengiva-retra\u00edda-cirurgia-pl\u00e1stica-gengival-sem-enxerto-gengival.jpg\"><img decoding=\"async\" loading=\"lazy\" class=\"size-full wp-image-15980\" src=\"https:\/\/luisgustavoleite.com.br\/blog\/wp-content\/uploads\/2019\/05\/gengiva-retra\u00edda-cirurgia-pl\u00e1stica-gengival-sem-enxerto-gengival.jpg\" alt=\"gengiva retra\u00edda cirurgia pl\u00e1stica gengival sem enxerto gengival\" width=\"800\" height=\"480\" srcset=\"https:\/\/luisgustavoleite.com.br\/blog\/wp-content\/uploads\/2019\/05\/gengiva-retra\u00edda-cirurgia-pl\u00e1stica-gengival-sem-enxerto-gengival.jpg 800w, https:\/\/luisgustavoleite.com.br\/blog\/wp-content\/uploads\/2019\/05\/gengiva-retra\u00edda-cirurgia-pl\u00e1stica-gengival-sem-enxerto-gengival-300x180.jpg 300w, https:\/\/luisgustavoleite.com.br\/blog\/wp-content\/uploads\/2019\/05\/gengiva-retra\u00edda-cirurgia-pl\u00e1stica-gengival-sem-enxerto-gengival-768x461.jpg 768w\" sizes=\"(max-width: 800px) 100vw, 800px\" \/><\/a><figcaption id=\"caption-attachment-15980\" class=\"wp-caption-text\">Problemas e complica\u00e7\u00f5es com enxerto gengival est\u00e3o associadas a fatores diversos como erros na exuca\u00e7\u00e3o de t\u00e9cnicas cir\u00fargicas ou neglig\u00eancia durante os cuidados p\u00f3s-operat\u00f3rios.<\/figcaption><\/figure>\n<p>&nbsp;<\/p>\n<p>&nbsp;<\/p>\n<h2><span style=\"color: #470047;\">Cirurgia para retra\u00e7\u00e3o gengival.<\/span><\/h2>\n<p>&nbsp;<\/p>\n<p>Entre os principais procedimentos realizados no consult\u00f3rio do periodontista, a <a href=\"https:\/\/luisgustavoleite.com.br\/blog\/recessao-gengival\/\" target=\"_blank\" rel=\"noopener\"><span style=\"color: #8080ff;\">cirurgia para retra\u00e7\u00e3o gengival<\/span><\/a> \u00e9 a mais comum. Indicada para o recobrimento de ra\u00edzes dent\u00e1rias expostas ap\u00f3s recess\u00e3o tecidual, tem fun\u00e7\u00f5es que v\u00e3o muito al\u00e9m da recupera\u00e7\u00e3o da est\u00e9tica do sorriso. Entre elas, a elimina\u00e7\u00e3o dos <a href=\"https:\/\/luisgustavoleite.com.br\/blog\/retracao-gengival-e-escova-dentaria\/\" target=\"_blank\" rel=\"noopener\"><span style=\"color: #8080ff;\">desgastes provocados pela press\u00e3o excessiva das cerdas da escova dent\u00e1ria<\/span><\/a> ou a elimina\u00e7\u00e3o da <a href=\"https:\/\/luisgustavoleite.com.br\/blog\/retracao-gengival-dor-e-sensibilidade-dos-dentes\/\" target=\"_blank\" rel=\"noopener\"><span style=\"color: #8080ff;\">sensibilidade dentin\u00e1ria<\/span><\/a> ao frio ou alimentos \u00e1cidos (c\u00edtricos).<\/p>\n<p>&nbsp;<\/p>\n<p>A <a href=\"https:\/\/luisgustavoleite.com.br\/blog\/plastica-gengival-indicacoes-pros-e-contras\/\" target=\"_blank\" rel=\"noopener\"><span style=\"color: #8080ff;\">pl\u00e1stica gengival<\/span><\/a> para recupera\u00e7\u00e3o de gengivas retra\u00eddas pode ser realizada na t\u00e9cnica simples, atrav\u00e9s do reposicionamento das bordas gengivais ao seu local original, ou associada ao enxerto gengival &#8211; esta, indicada para casos mais severos de retra\u00e7\u00e3o ou em indiv\u00edduos com fatores para o insucesso do tratamento como o biotipo tecidual fino.<\/p>\n<p>&nbsp;<\/p>\n<p>Apesar de bastante eficiente na recupera\u00e7\u00e3o da <a href=\"https:\/\/luisgustavoleite.com.br\/blog\/estetica-gengival-proteses-dentarias\/\" target=\"_blank\" rel=\"noopener\"><span style=\"color: #8080ff;\">est\u00e9tica gengival<\/span><\/a>, \u00e9 preciso estar atento \u00e0s contraindica\u00e7\u00f5es desta t\u00e9cnica. A principal dela \u00e9 a realiza\u00e7\u00e3o do tratamento em dentes cujas gengivas localizadas entre os dentes (papilas) est\u00e3o ausentes. Sequela, quase sempre, da periodontite, esta condi\u00e7\u00e3o recessiva t\u00e3o comum traz progn\u00f3stico desfavor\u00e1vel \u00e0 aplica\u00e7\u00e3o desta t\u00e9cnica cir\u00fargica, com ou sem associa\u00e7\u00e3o a enxertos teciduais de qualquer natureza.<\/p>\n<p>&nbsp;<\/p>\n<p>&nbsp;<\/p>\n<h2><span style=\"color: #470047;\">Enxerto gengival junto \u00e0 pr\u00f3tese dent\u00e1ria e implante dent\u00e1rio.<\/span><\/h2>\n<p>&nbsp;<\/p>\n<p>A busca pela reconstru\u00e7\u00e3o da est\u00e9tica gengival junto a pr\u00f3teses dent\u00e1rias fixas em porcelana e implantes dent\u00e1rios \u00e9 cada vez mais comum. De problemas como o aparecimento de gengivas escuras a falhas de volume tecidual, s\u00e3o v\u00e1rios os desafios enfrentados pelo dentitsta especialista em periodontia &#8211; tratamentos que exigem paci\u00eancia e podem ser motivos para frustra\u00e7\u00f5es frente a resultados abaixo das necessidades est\u00e9ticas de cada caso.<\/p>\n<p>&nbsp;<\/p>\n<p>O enxerto de gengiva junto a pr\u00f3teses dent\u00e1rias fixas e<a href=\"https:\/\/luisgustavoleite.com.br\/blog\/retracao-gengival-em-implante-dentario-tratamento\/\" target=\"_blank\" rel=\"noopener\"><span style=\"color: #8080ff;\"> implantes dent\u00e1rios<\/span><\/a> tem efeito limitado em v\u00e1rias situa\u00e7\u00f5es. Em muitas casos, ele precisa estar associado a enxertos \u00f3sseos para resultados mais duradouros e efetivos &#8211; e nem sempre garantidos. O motivo para tantas limita\u00e7\u00f5es deve-se, principalmente, \u00e0 imposssibilidade para reconstru\u00e7\u00e3o dos ligamentos periodontais, uma estrutura anat\u00f4mica essencial \u00e0 estabiliza\u00e7\u00e3o das ra\u00edzes dent\u00e1rias e gengivas junto ao ossos maxilares.<\/p>\n<p>&nbsp;<\/p>\n<p>Atualmente, as indica\u00e7\u00f5es, pr\u00f3s e contras do enxerto de gengiva junto \u00e0 pr\u00f3tese em porcelana e implante dent\u00e1rio est\u00e3o restritas ao aumento de volume tecidual aos casos com perda \u00f3ssea acentuada, em que problemas como o <a href=\"https:\/\/luisgustavoleite.com.br\/blog\/gengiva-escurecida-por-protese-pode-exigir-cirurgia-com-enxerto\/\" target=\"_blank\" rel=\"noopener\"><span style=\"color: #8080ff;\">aparecimento de gengivas escuras<\/span><\/a> ou depress\u00f5es teciduais cujas falhas est\u00e9ticas s\u00e3o severas exigem interven\u00e7\u00e3o cir\u00fargica para resultados que nem sempre s\u00e3o previs\u00edveis.<\/p>\n<p>&nbsp;<\/p>\n<p><a href=\"http:\/\/luisgustavoleite.com.br\/tratamentos\/enxerto-gengival-dentista-em-porto-alegre.php\" target=\"_blank\" rel=\"noopener\"><span style=\"color: #8080ff;\"><em>Saiba mais sobre enxerto de gengiva clicando aqui.<\/em><\/span><\/a><\/p>\n<p><span style=\"color: #470047;\"><em>Ou aproveite para ler os posts relacionados:<\/em><\/span><\/p>\n","protected":false},"excerpt":{"rendered":"<p>Conhe\u00e7a as indica\u00e7\u00f5es, pr\u00f3s e contras do enxerto de gengiva utilizado na cirurgia pl\u00e1stica gengival, com informa\u00e7\u00f5es essenciais sobre problemas, complica\u00e7\u00f5es, p\u00f3s-operat\u00f3rio, dor, cuidados, cicatriza\u00e7\u00e3o e rejei\u00e7\u00e3o do tratamento. &nbsp; &nbsp;Lu\u00eds Gustavo Leite \u00e9 dentista especialista em enxerto gengival (periodontia) e pr\u00f3tese dent\u00e1ria, ambas pela UFRGS, em&nbsp;Porto Alegre. &nbsp; &nbsp; Enxerto de gengiva, um procedimento [&hellip;]<\/p>\n","protected":false},"author":4,"featured_media":20256,"comment_status":"open","ping_status":"open","sticky":false,"template":"","format":"standard","meta":[],"categories":[60],"tags":[],"_links":{"self":[{"href":"https:\/\/luisgustavoleite.com.br\/blog\/wp-json\/wp\/v2\/posts\/20199"}],"collection":[{"href":"https:\/\/luisgustavoleite.com.br\/blog\/wp-json\/wp\/v2\/posts"}],"about":[{"href":"https:\/\/luisgustavoleite.com.br\/blog\/wp-json\/wp\/v2\/types\/post"}],"author":[{"embeddable":true,"href":"https:\/\/luisgustavoleite.com.br\/blog\/wp-json\/wp\/v2\/users\/4"}],"replies":[{"embeddable":true,"href":"https:\/\/luisgustavoleite.com.br\/blog\/wp-json\/wp\/v2\/comments?post=20199"}],"version-history":[{"count":56,"href":"https:\/\/luisgustavoleite.com.br\/blog\/wp-json\/wp\/v2\/posts\/20199\/revisions"}],"predecessor-version":[{"id":20257,"href":"https:\/\/luisgustavoleite.com.br\/blog\/wp-json\/wp\/v2\/posts\/20199\/revisions\/20257"}],"wp:featuredmedia":[{"embeddable":true,"href":"https:\/\/luisgustavoleite.com.br\/blog\/wp-json\/wp\/v2\/media\/20256"}],"wp:attachment":[{"href":"https:\/\/luisgustavoleite.com.br\/blog\/wp-json\/wp\/v2\/media?parent=20199"}],"wp:term":[{"taxonomy":"category","embeddable":true,"href":"https:\/\/luisgustavoleite.com.br\/blog\/wp-json\/wp\/v2\/categories?post=20199"},{"taxonomy":"post_tag","embeddable":true,"href":"https:\/\/luisgustavoleite.com.br\/blog\/wp-json\/wp\/v2\/tags?post=20199"}],"curies":[{"name":"wp","href":"https:\/\/api.w.org\/{rel}","templated":true}]}}