{"id":20811,"date":"2020-07-26T16:18:03","date_gmt":"2020-07-26T19:18:03","guid":{"rendered":"https:\/\/luisgustavoleite.com.br\/blog\/?p=20811"},"modified":"2020-07-26T16:19:54","modified_gmt":"2020-07-26T19:19:54","slug":"faceta-de-porcelana-cor-ideal","status":"publish","type":"post","link":"https:\/\/luisgustavoleite.com.br\/blog\/faceta-de-porcelana-cor-ideal\/","title":{"rendered":"Faceta de porcelana: escolha a cor ideal com 7 dicas essenciais."},"content":{"rendered":"\n<p>Escolha a cor ideal para faceta de porcelana com 7 dicas essenciais para resultados finais mais marcantes e claros, sem perder a naturalidade.<\/p>\n<p>&nbsp;<\/p>\n<p><em><img decoding=\"async\" loading=\"lazy\" class=\"alignleft\" src=\"https:\/\/luisgustavoleite.com.br\/blog\/wp-content\/uploads\/2018\/10\/eu.jpg\" alt=\"\" width=\"70\" height=\"70\"><span style=\"color: #470047;\">Lu\u00eds Gustavo Leite \u00e9 dentista especialista em gengivas (periodontista) e pr\u00f3teses dent\u00e1rias, ambas pela UFRGS, em Porto Alegre.<\/span><\/em><\/p>\n<p>&nbsp;<\/p>\n<p>&nbsp;<\/p>\n<h2><span style=\"color: #470047;\">Afinal, como escolher a melhor cor para faceta de porcelana e lente de contato dental?<\/span><\/h2>\n<p>&nbsp;<\/p>\n<p>A etapa de sele\u00e7\u00e3o de cor para faceta de porcelana e lente de contato dental \u00e9 parte essencial para o sucesso do tratamento com <a href=\"https:\/\/luisgustavoleite.com.br\/blog\/laminados-ceramicos\/\" target=\"_blank\" rel=\"noopener\"><span style=\"text-decoration: underline;\"><span style=\"color: #5cadff; text-decoration: underline;\">laminados cer\u00e2micos<\/span><\/span><\/a>. Repleta de segredos e novas informa\u00e7\u00f5es que precisam ser rapidamente assimiladas pelo paciente, esta fase deste procedimento t\u00e3o popular em odontologia est\u00e9tica traz mais d\u00favidas do que deveria. Afinal, como escolher a cor ideal para facetas dent\u00e1rias laminadas?<\/p>\n<p>&nbsp;<\/p>\n<p>As 7 dicas que ser\u00e3o apresentadas a seguir s\u00e3o baseadas nas principais d\u00favidas e erros que aparecem durante a escolha da cor ideal para <a href=\"https:\/\/luisgustavoleite.com.br\/blog\/faceta-de-porcelana-pros-e-contras\/\" target=\"_blank\" rel=\"noopener\"><span style=\"text-decoration: underline;\"><span style=\"color: #5cadff; text-decoration: underline;\">facetas de porcelana<\/span><\/span><\/a> \u2013 e olha que n\u00e3o s\u00e3o as \u00fanicas! Com informa\u00e7\u00f5es sobre escalas, melhor dia para testes e uso de cores brancas sem perder a naturalidade, elas s\u00e3o essenciais para acertar na escolha da matiz e evitar frustra\u00e7\u00f5es com os resultados finais do tratamento.<\/p>\n<p>&nbsp;<\/p>\n<p>&nbsp;<\/p>\n<h2><span style=\"color: #470047;\">1. Fotografias em redes sociais n\u00e3o apresentam as cores reais dos dentes.<\/span><\/h2>\n<p>&nbsp;<\/p>\n<p>Boa parte \u2013 ou praticamente todos \u2013 os pacientes em tratamento com facetas de porcelana trazem fotografias de redes sociais para servirem de refer\u00eancia para a sele\u00e7\u00e3o da cor ideal. Apesar de v\u00e1lido quando \u00e0 forma dos dentes, \u00e9 preciso estar atento ao erros que isso pode trazer. Al\u00e9m da falta de padroniza\u00e7\u00e3o na ilumina\u00e7\u00e3o utilizada nestas imagens \u2013 compare v\u00e1rias fotos de uma mesma pessoa em ambientes com ilumina\u00e7\u00e3o diferentes e voc\u00ea logo ver\u00e1 a diferen\u00e7a -, as pr\u00f3prias imagens capturadas por telefones celulares sofrem processamento autom\u00e1tico de exposi\u00e7\u00e3o e cor. Assim, cuidado ao tentar reproduzir, em voc\u00ea mesmo, e no ambiente de ilumina\u00e7\u00e3o do consult\u00f3rio, os mesmo efeitos de impress\u00e3o visual de fotografias coletadas em redes sociais.<\/p>\n<p>&nbsp;<\/p>\n<p>&nbsp;<\/p>\n<h2><span style=\"color: #470047;\">2. Cores pr\u00f3ximas ao branco podem perder a naturalidade.<\/span><\/h2>\n<p>&nbsp;<\/p>\n<p>Para a maioria dos pacientes, quanto mais branco \u00e9 a cor do laminado cer\u00e2mico tipo faceta de porcelana ou <a href=\"https:\/\/luisgustavoleite.com.br\/blog\/lente-de-contato-dental-desvantagens\/\" target=\"_blank\" rel=\"noopener\"><span style=\"text-decoration: underline;\"><span style=\"color: #5cadff; text-decoration: underline;\">lente de contato dental<\/span><\/span><\/a>, mais bonito \u00e9 o resultado final. Evidentemente, a escolha da cor final \u00e9 muito mais uma quest\u00e3o de gosto pessoal do que t\u00e9cnica. Por outro lado, quanto mais pr\u00f3xima do branco absoluto \u2013 ali\u00e1s, uma cor n\u00e3o dispon\u00edvel -, maiores os riscos para perda da naturalidade do sorriso. Para evitar que isto acontece, reforce a reprodu\u00e7\u00e3o de detalhes \u00f3pticos de transpar\u00eancia, fluoresc\u00eancia e opalesc\u00eancia, efeitos importantes muitas vezes removidos por decis\u00e3o do pr\u00f3prio paciente por n\u00e3o enxergar estes mesmos efeitos em fotografias coletadas de redes sociais.<\/p>\n<p>&nbsp;<\/p>\n<p>&nbsp;<\/p>\n<h2><span style=\"color: #470047;\">3. A1, B1, Bl1 ou OM1? Domine a escala de cor utilizada pelo dentista.<\/span><\/h2>\n<p>&nbsp;<\/p>\n<p>S\u00e3o duas as escalas que o dentista utiliza para escolher a cor da faceta de porcelana . A mais utilizada, da Ivoclar, traz siglas como BL4, BL3, BL2 e BL1 para as matizes mais pr\u00f3ximas ao branco (a sigla BL refere-se a \u201cbleached\u201d, ou \u201cclareado\u201d, traduzido para o portugu\u00eas). Quanto menor o n\u00famero, mais clara. J\u00e1 a escala da Vita, bastante popular, utiliza os termos OM3, OM2 e OM1 para as vers\u00f5es clareadas \u2013 e com a mesma l\u00f3gica para os n\u00fameros. J\u00e1 as cores A1 e B1, n\u00e3o clareadas, est\u00e3o presentes em ambas as escalas e s\u00e3o indicadas para indiv\u00edduos que exigem mais naturalidade e mimetiza\u00e7\u00e3o com dentes reais.<\/p>\n<p>&nbsp;<\/p>\n<p>&nbsp;<\/p>\n<h2><span style=\"color: #470047;\">4. Transpar\u00eancias e degrad\u00ea de cor n\u00e3o agradam a todo mundo.<\/span><\/h2>\n<p>&nbsp;<\/p>\n<p>Dentes naturais apresentam transpar\u00eancias e degrad\u00ea de cor que podem n\u00e3o agradar a todo mundo. Mais solicitadas na confec\u00e7\u00e3o de facetas de porcelana nas cores A1 e B1, elas costumam estar minimizadas ou ausentes nos laminados cer\u00e2micos confeccionados para pacientes que preferem matizes bastante pr\u00f3ximas ao branco. A confec\u00e7\u00e3o destes efeitos \u00f3pticos \u00e9 uma quest\u00e3o pessoal, por\u00e9m fique atento: a manuten\u00e7\u00e3o destes efeitos para cores clareadas traz mais naturalidade e harmonia ao sorriso.<\/p>\n<p>&nbsp;<\/p>\n<p>&nbsp;<\/p>\n<h2><span style=\"color: #470047;\">5. Teste as facetas de porcelana em dias ensolarados.<\/span><\/h2>\n<p>&nbsp;<\/p>\n<p>Dias ensolarados e consult\u00f3rios com farta ilumina\u00e7\u00e3o natural s\u00e3o ideais para a consulta de teste das facetas de porcelana e lentes de contato dental. Isto porque o metamerismo, um fen\u00f4meno \u00f3ptico que modifica a cor conforme a fonte de luz, pode enganar ao paciente quando os testes s\u00e3o realizados em ambientes escuros ou com fonte de luz artificial inadequada. Ainda que a ansiedade pelo t\u00e9rmino do tratamento esteja elevada, aguarde o dia perfeito para o teste \u2013 \u00e9 a melhor forma para evitar frustra\u00e7\u00f5es ap\u00f3s a cimenta\u00e7\u00e3o definitiva das suas <a href=\"https:\/\/luisgustavoleite.com.br\/blog\/faceta-dentaria-laminada\/\" target=\"_blank\" rel=\"noopener\"><span style=\"text-decoration: underline;\"><span style=\"color: #5cadff; text-decoration: underline;\">facetas dent\u00e1rias laminada<\/span><\/span><\/a>s.<\/p>\n<p>&nbsp;<\/p>\n<p>&nbsp;<\/p>\n<h2><span style=\"color: #470047;\">6. O cimento utilizado para colar as facetas de porcelana tamb\u00e9m influencia na cor final.<\/span><\/h2>\n<p>&nbsp;<\/p>\n<p>A cor durante o teste com a faceta de porcelana n\u00e3o ficou exatamente como voc\u00ea queria? N\u00e3o entre em p\u00e2nico. O cimento utilizado para colar os laminados cer\u00e2micos aos dentes possuem cores diferentes que podem clarear, escurecer, amarelar ou deix\u00e1-los mais brancos. Mas \u00e9 preciso estar atento porque os efeitos de mudan\u00e7a na cor s\u00e3o mais efetivos quanto mais finas s\u00e3o as facetas. E tamb\u00e9m n\u00e3o d\u00e1 para esquecer o mais importante: ap\u00f3s a colagem, elas ficam mais bonitas e naturais do que durante os testes de cor e forma.<\/p>\n<p>&nbsp;<\/p>\n<p>&nbsp;<\/p>\n<h2><span style=\"color: #470047;\">7. Gengivas e l\u00e1bios influenciam na percep\u00e7\u00e3o da cor.<\/span><\/h2>\n<p>&nbsp;<\/p>\n<p>As gengivas e l\u00e1bios alteram a percep\u00e7\u00e3o de cor dos dentes. Contrastando com a cor das facetas de porcelana e lentes de contato dental, as gengivas em tons mais escuros favorecem a percep\u00e7\u00e3o para tons mais brancos presentes em laminados cer\u00e2micos. J\u00e1 com rela\u00e7\u00e3o ao l\u00e1bios, os do tipo mais espessos ou que escondem boa parte dos dentes podem limitar a entrada de luz e alterar os efeitos de reflex\u00e3o e absor\u00e7\u00e3o de luz necess\u00e1rios para a visualiza\u00e7\u00e3o integral das cores utilizados pelo prot\u00e9tico laboratorial. Levantar os l\u00e1bios durante a consulta de teste, algo t\u00e3o simples, \u00e9 importante para verificar os efeitos \u00f3pticos em sua integralidade.<\/p>\n<p>&nbsp;<\/p>\n<p><a href=\"http:\/\/luisgustavoleite.com.br\/tratamentos\/facetas-em-porcelana-dentista-em-porto-alegre.php\" target=\"_blank\" rel=\"noopener\"><span style=\"color: #5cadff;\"><em>Saiba mais sobre faceta de porcelana clicando aqui.<\/em><\/span><\/a><\/p>\n<p><span style=\"color: #470047;\"><em>Ou aproveite para ler os posts relacionados:<\/em><\/span><\/p>\n","protected":false},"excerpt":{"rendered":"<p>Escolha a cor ideal para faceta de porcelana com 7 dicas essenciais para resultados finais mais marcantes e claros, sem perder a naturalidade. &nbsp; Lu\u00eds Gustavo Leite \u00e9 dentista especialista em gengivas (periodontista) e pr\u00f3teses dent\u00e1rias, ambas pela UFRGS, em Porto Alegre. &nbsp; &nbsp; Afinal, como escolher a melhor cor para faceta de porcelana e [&hellip;]<\/p>\n","protected":false},"author":4,"featured_media":20817,"comment_status":"open","ping_status":"open","sticky":false,"template":"","format":"standard","meta":[],"categories":[58],"tags":[],"_links":{"self":[{"href":"https:\/\/luisgustavoleite.com.br\/blog\/wp-json\/wp\/v2\/posts\/20811"}],"collection":[{"href":"https:\/\/luisgustavoleite.com.br\/blog\/wp-json\/wp\/v2\/posts"}],"about":[{"href":"https:\/\/luisgustavoleite.com.br\/blog\/wp-json\/wp\/v2\/types\/post"}],"author":[{"embeddable":true,"href":"https:\/\/luisgustavoleite.com.br\/blog\/wp-json\/wp\/v2\/users\/4"}],"replies":[{"embeddable":true,"href":"https:\/\/luisgustavoleite.com.br\/blog\/wp-json\/wp\/v2\/comments?post=20811"}],"version-history":[{"count":7,"href":"https:\/\/luisgustavoleite.com.br\/blog\/wp-json\/wp\/v2\/posts\/20811\/revisions"}],"predecessor-version":[{"id":20821,"href":"https:\/\/luisgustavoleite.com.br\/blog\/wp-json\/wp\/v2\/posts\/20811\/revisions\/20821"}],"wp:featuredmedia":[{"embeddable":true,"href":"https:\/\/luisgustavoleite.com.br\/blog\/wp-json\/wp\/v2\/media\/20817"}],"wp:attachment":[{"href":"https:\/\/luisgustavoleite.com.br\/blog\/wp-json\/wp\/v2\/media?parent=20811"}],"wp:term":[{"taxonomy":"category","embeddable":true,"href":"https:\/\/luisgustavoleite.com.br\/blog\/wp-json\/wp\/v2\/categories?post=20811"},{"taxonomy":"post_tag","embeddable":true,"href":"https:\/\/luisgustavoleite.com.br\/blog\/wp-json\/wp\/v2\/tags?post=20811"}],"curies":[{"name":"wp","href":"https:\/\/api.w.org\/{rel}","templated":true}]}}