{"id":21355,"date":"2021-02-13T18:12:17","date_gmt":"2021-02-13T21:12:17","guid":{"rendered":"https:\/\/luisgustavoleite.com.br\/blog\/?p=21355"},"modified":"2021-02-13T18:15:19","modified_gmt":"2021-02-13T21:15:19","slug":"protese-dentaria-em-porcelana-pura-gengiva-retraida","status":"publish","type":"post","link":"https:\/\/luisgustavoleite.com.br\/blog\/protese-dentaria-em-porcelana-pura-gengiva-retraida\/","title":{"rendered":"Pr\u00f3tese em porcelana pura \u00e9 ideal para gengivas retra\u00eddas."},"content":{"rendered":"\n<p>Mais est\u00e9tica e biocompat\u00edvel, a pr\u00f3tese dent\u00e1ria em porcelana pura \u00e9 ideal para gengivas retra\u00eddas. Conhe\u00e7a mais sobre esta t\u00e9cnica e as alternativas de tratamento como a cirurgia com enxerto gengival.<\/p>\n<p>\u00a0<\/p>\n<p><i><img decoding=\"async\" loading=\"lazy\" class=\"alignleft\" src=\"https:\/\/luisgustavoleite.com.br\/blog\/wp-content\/uploads\/2018\/10\/eu.jpg\" alt=\"\" width=\"70\" height=\"70\" \/><\/i><span style=\"color: #470047;\"><em>Lu\u00eds Gustavo Leite \u00e9 dentista especialista em pr\u00f3teses dent\u00e1rias e periodontista (especialista em gengivas), ambas pela UFRGS, em Porto Alegre.<\/em><\/span><\/p>\n<p>\u00a0<\/p>\n<p>\u00a0<\/p>\n<h2><span style=\"color: #470047;\">Gengivas retra\u00eddas, quais as causas para elas?<\/span><\/h2>\n<p>\u00a0<\/p>\n<p>Poucos problemas odontol\u00f3gicos s\u00e3o t\u00e3o capazes de tirar o sono como a retra\u00e7\u00e3o gengival &#8211; ou <a href=\"https:\/\/luisgustavoleite.com.br\/blog\/gengiva-retraida\/\" target=\"_blank\" rel=\"noopener\"><span style=\"background-color: #d4e9ff;\">gengiva retra\u00edda<\/span><\/a>, como tamb\u00e9m \u00e9 chamada. Sua principal caracter\u00edstica \u00e9 a exposi\u00e7\u00e3o das ra\u00edzes dent\u00e1rias, uma sequela da perda do osso e do ligamento periodontal, uma diminuta rede de fibras col\u00e1genas que prendem os dentes \u00e0s arcadas dent\u00e1rias.<\/p>\n<p>\u00a0<\/p>\n<p>A principal causa para gengivas retra\u00eddas \u00e9 a periodontite, uma doen\u00e7a infecciosa que aparece quando a higiene oral \u00e9 ineficiente. Outra causa muito comum \u00e9 a escova\u00e7\u00e3o traum\u00e1tica, que \u00e9 quando as cerdas das escovas de dente s\u00e3o pressionadas com muita for\u00e7a contra as gengivas.<\/p>\n<p>\u00a0<\/p>\n<p>Al\u00e9m destas duas causas, tamb\u00e9m existem outras. Conhe\u00e7a as <a href=\"https:\/\/luisgustavoleite.com.br\/blog\/gengiva-retraida-tem-causas-alem-do-excesso-de-forca-durante-a-escovacao\/\" target=\"_blank\" rel=\"noopener\"><span style=\"background-color: #d4e9ff;\">principais causas e fatores que favorecem o aparecimento das gengivas retra\u00eddas<\/span><\/a>:<\/p>\n<p>\u00a0<\/p>\n<p><span style=\"color: #470047;\">\u2713<\/span> periodontite (higiene oral deficiente);<\/p>\n<p><span style=\"color: #470047;\">\u2713<\/span> escova\u00e7\u00e3o traum\u00e1tica;<\/p>\n<p><span style=\"color: #470047;\">\u2713<\/span> eratamento ortod\u00f4ntico;<\/p>\n<p><span style=\"color: #470047;\">\u2713<\/span> alergias inflamat\u00f3rias;<\/p>\n<p><span style=\"color: #470047;\">\u2713<\/span> v\u00edrus e fungos;<\/p>\n<p>\u2713 outras doen\u00e7as.<\/p>\n<p>\u00a0<\/p>\n<figure id=\"attachment_21364\" aria-describedby=\"caption-attachment-21364\" style=\"width: 550px\" class=\"wp-caption aligncenter\"><a href=\"https:\/\/luisgustavoleite.com.br\/blog\/wp-content\/uploads\/2021\/02\/gengiva-retra\u00edda.jpg\"><img decoding=\"async\" loading=\"lazy\" class=\"size-full wp-image-21364\" src=\"https:\/\/luisgustavoleite.com.br\/blog\/wp-content\/uploads\/2021\/02\/gengiva-retra\u00edda.jpg\" alt=\"\" width=\"550\" height=\"330\" srcset=\"https:\/\/luisgustavoleite.com.br\/blog\/wp-content\/uploads\/2021\/02\/gengiva-retra\u00edda.jpg 550w, https:\/\/luisgustavoleite.com.br\/blog\/wp-content\/uploads\/2021\/02\/gengiva-retra\u00edda-300x180.jpg 300w\" sizes=\"(max-width: 550px) 100vw, 550px\" \/><\/a><figcaption id=\"caption-attachment-21364\" class=\"wp-caption-text\">A exposi\u00e7\u00e3o das ra\u00edzes dent\u00e1rias \u00e9 a principal caracter\u00edstica das gengivas retra\u00eddas.<\/figcaption><\/figure>\n<p>\u00a0<\/p>\n<p>\u00a0<\/p>\n<h2><span style=\"color: #470047;\">A pr\u00f3tese dent\u00e1ria fixa associada \u00e0 gengiva retra\u00edda.<\/span><\/h2>\n<p>\u00a0<\/p>\n<p>A <a href=\"https:\/\/luisgustavoleite.com.br\/blog\/protese-dentaria-fixa-o-que-e-os-tipos-e-melhores-materiais-explicados\/\" target=\"_blank\" rel=\"noopener\"><span style=\"background-color: #d4e9ff;\">pr\u00f3tese dent\u00e1ria fixa<\/span><\/a> pode estar indiretamente por tr\u00e1s da retra\u00e7\u00e3o gengival. Entre os principais motivos para isso est\u00e3o as bordas mal adaptadas em contato com as gengivas ou que possuem um formato que dificulta ao paciente remover adequadamente a placa bacteriana e restos de alimentos.<\/p>\n<p>\u00a0<\/p>\n<p>O ac\u00famulo de placa bacteriana entre as gengivas e as bordas da pr\u00f3tese dent\u00e1ria mal confeccionada pode ser dif\u00edcil de ser percebido pelo pr\u00f3prio paciente. Nem mesmo o uso cuidadoso da escova dental e <a href=\"https:\/\/luisgustavoleite.com.br\/blog\/retracao-gengival-pode-ter-como-causa-o-fio-dental-usado-incorretamente\/\" target=\"_blank\" rel=\"noopener\"><span style=\"background-color: #d4e9ff;\">fio dental<\/span><\/a> podem ser suficientes para remov\u00ea-las, o que, com o passar dos anos, pode dar in\u00edcio a problemas como a gengivite, periodontite, retra\u00e7\u00e3o gengival e <a href=\"https:\/\/luisgustavoleite.com.br\/blog\/halitose-mal-halito-e-protese-dentaria\/\" target=\"_blank\" rel=\"noopener\"><span style=\"background-color: #d4e9ff;\">halitose<\/span><\/a>.<\/p>\n<p>\u00a0<\/p>\n<p>Outra maneira como a pr\u00f3tese dent\u00e1ria fixa causa a <a href=\"https:\/\/luisgustavoleite.com.br\/blog\/recessao-gengival\/\" target=\"_blank\" rel=\"noopener\"><span style=\"background-color: #d4e9ff;\">recess\u00e3o gengival<\/span><\/a> \u00e9 quando suas bordas s\u00e3o posicionadas muito internamente \u00e0s gengivas. O objetivo desta t\u00e9cnica \u00e9 melhorar os resultados est\u00e9ticos. Apesar de eficiente, ela costuma provocar uma lenta rea\u00e7\u00e3o tecidual de recuo dos tecidos gengivais. Com o passar dos anos, a raiz dos dentes ficam expostas.<\/p>\n<p>\u00a0<\/p>\n<p>\u00a0<\/p>\n<h2><span style=\"color: #470047;\">A alergia gengival ao metal de pr\u00f3teses dent\u00e1rias fixas \u00e9 comum em mulheres.<\/span><\/h2>\n<p>\u00a0<\/p>\n<p>Outra causa para gengivas retra\u00eddas associada a pr\u00f3teses dent\u00e1rias fixas \u00e9 a alergia ao metal presentes nos dispositivos prot\u00e9ticos que cont\u00e9m metal escondido pela camada externa de porcelana.<span class=\"Apple-converted-space\">\u00a0<\/span><\/p>\n<p>\u00a0<\/p>\n<p>A <a href=\"https:\/\/luisgustavoleite.com.br\/blog\/alergia-a-proteses-dentarias\/\" target=\"_blank\" rel=\"noopener\"><span style=\"background-color: #d4e9ff;\">alergia gengival ao metal<\/span><\/a> atinge aproximadamente 20% das mulheres. Os sinais e sintomas mais comuns s\u00e3o o <a href=\"https:\/\/luisgustavoleite.com.br\/blog\/sangramento-gengival-e-protese-dentaria\/\" target=\"_blank\" rel=\"noopener\"><span style=\"background-color: #d4e9ff;\">sangramento gengival<\/span><\/a> e edema que n\u00e3o desaparecem mesmo ap\u00f3s o tratamento com o periodontista.<span class=\"Apple-converted-space\">\u00a0<\/span><\/p>\n<p>\u00a0<\/p>\n<p>Com o passar dos anos, esta alergia do tipo inflamat\u00f3ria pode resultar em gengivas retra\u00eddas. O tratamento \u00e9 mesmo a troca da <a href=\"https:\/\/luisgustavoleite.com.br\/blog\/protese-dentaria-fixa-com-metal-problemas\/\" target=\"_blank\" rel=\"noopener\"><span style=\"background-color: #d4e9ff;\">pr\u00f3tese dent\u00e1ria com metal interno<\/span><\/a> por vers\u00f5es mais modernas, como a coroa em porcelana pura.<\/p>\n<p>\u00a0<\/p>\n<figure id=\"attachment_21365\" aria-describedby=\"caption-attachment-21365\" style=\"width: 900px\" class=\"wp-caption aligncenter\"><a href=\"https:\/\/luisgustavoleite.com.br\/blog\/wp-content\/uploads\/2021\/02\/gengiva-retra\u00edda-alergia-metal-pr\u00f3tese-dent\u00e1ria-.jpg\"><img decoding=\"async\" loading=\"lazy\" class=\"size-full wp-image-21365\" src=\"https:\/\/luisgustavoleite.com.br\/blog\/wp-content\/uploads\/2021\/02\/gengiva-retra\u00edda-alergia-metal-pr\u00f3tese-dent\u00e1ria-.jpg\" alt=\"\" width=\"900\" height=\"506\" srcset=\"https:\/\/luisgustavoleite.com.br\/blog\/wp-content\/uploads\/2021\/02\/gengiva-retra\u00edda-alergia-metal-pr\u00f3tese-dent\u00e1ria-.jpg 900w, https:\/\/luisgustavoleite.com.br\/blog\/wp-content\/uploads\/2021\/02\/gengiva-retra\u00edda-alergia-metal-pr\u00f3tese-dent\u00e1ria--300x169.jpg 300w, https:\/\/luisgustavoleite.com.br\/blog\/wp-content\/uploads\/2021\/02\/gengiva-retra\u00edda-alergia-metal-pr\u00f3tese-dent\u00e1ria--768x432.jpg 768w\" sizes=\"(max-width: 900px) 100vw, 900px\" \/><\/a><figcaption id=\"caption-attachment-21365\" class=\"wp-caption-text\">Alergia ao metal de pr\u00f3tese dent\u00e1ria fixa: \u00e1rea inflamat\u00f3ria pode ir al\u00e9m das gengivas.<\/figcaption><\/figure>\n<p>\u00a0<\/p>\n<p>\u00a0<\/p>\n<h2><span style=\"color: #470047;\">Pr\u00f3tese dent\u00e1ria em porcelana pura na est\u00e9tica de impacto.<\/span><\/h2>\n<p>\u00a0<\/p>\n<p>Existem <a href=\"https:\/\/luisgustavoleite.com.br\/blog\/protese-dentaria-da-porcelana-a-zirconia-escolha-o-material-e-o-tipo-ideal\/\" target=\"_blank\" rel=\"noopener\"><span style=\"background-color: #d4e9ff;\">diversos tipos de pr\u00f3teses dent\u00e1rias fixas<\/span><\/a>. Desde a j\u00e1 obsoleta mas ainda muito utilizada metalocer\u00e2mica, que cont\u00e9m metal, \u00e0s vers\u00f5es mais modernas como as que apresentam <a href=\"https:\/\/luisgustavoleite.com.br\/blog\/protese-dentaria-em-zirconia-indicacoes-pros-e-contras\/\" target=\"_blank\" rel=\"noopener\"><span style=\"background-color: #d4e9ff;\">zirc\u00f4nia<\/span><\/a> como material de substitui\u00e7\u00e3o ao metal.<\/p>\n<p>\u00a0<\/p>\n<p>A <a href=\"https:\/\/luisgustavoleite.com.br\/blog\/protese-dentaria-em-porcelana-pura-dicas\/\" target=\"_blank\" rel=\"noopener\"><span style=\"background-color: #d4e9ff;\">pr\u00f3tese dent\u00e1ria em porcelana pura<\/span><\/a> \u00e9 o tipo que traz os resultados est\u00e9ticos mais marcantes. Confeccionada com materiais semelhantes aos utilizados em <a href=\"https:\/\/luisgustavoleite.com.br\/blog\/laminados-ceramicos\/\" target=\"_blank\" rel=\"noopener\"><span style=\"background-color: #d4e9ff;\">laminados cer\u00e2micos<\/span><\/a> do tipo <a href=\"https:\/\/luisgustavoleite.com.br\/blog\/lente-de-contato-dental-com-e-o-tratamento\/\" target=\"_blank\" rel=\"noopener\"><span style=\"background-color: #d4e9ff;\">lente de contato dental<\/span><\/a> e <a href=\"https:\/\/luisgustavoleite.com.br\/blog\/faceta-de-porcelana-pros-e-contras\/\" target=\"_blank\" rel=\"noopener\"><span style=\"background-color: #d4e9ff;\">faceta de porcelana<\/span><\/a>, \u00e9 a ideal para as transforma\u00e7\u00f5es est\u00e9ticas de impacto do sorriso.<\/p>\n<p>\u00a0<\/p>\n<p>A <a href=\"https:\/\/luisgustavoleite.com.br\/blog\/coroa-em-porcelana-pura-pros-e-contras\/\" target=\"_blank\" rel=\"noopener\"><span style=\"background-color: #d4e9ff;\">coroa dent\u00e1ria em porcelana pura<\/span><\/a> \u00e9 a mais comum. Constru\u00edda individualmente sobre dentes ou implantes dent\u00e1rios, permite a passagem livre do fio dental e traz resultados est\u00e9ticos ainda mais naturais. N\u00e3o \u00e0 toa, \u00e9 a mais utilizada entre dentistas dedicados \u00e0 <a href=\"https:\/\/luisgustavoleite.com.br\/blog\/odontologia-estetica-em-porto-alegre\/\" target=\"_blank\" rel=\"noopener\"><span style=\"background-color: #d4e9ff;\">odontologia est\u00e9tica<\/span><\/a>.<\/p>\n<p>\u00a0<\/p>\n<figure id=\"attachment_21366\" aria-describedby=\"caption-attachment-21366\" style=\"width: 800px\" class=\"wp-caption aligncenter\"><a href=\"https:\/\/luisgustavoleite.com.br\/blog\/wp-content\/uploads\/2021\/02\/tipos-pr\u00f3tese-dent\u00e1ria-fixa-gengiva.jpg\"><img decoding=\"async\" loading=\"lazy\" class=\"size-full wp-image-21366\" src=\"https:\/\/luisgustavoleite.com.br\/blog\/wp-content\/uploads\/2021\/02\/tipos-pr\u00f3tese-dent\u00e1ria-fixa-gengiva.jpg\" alt=\"\" width=\"800\" height=\"450\" srcset=\"https:\/\/luisgustavoleite.com.br\/blog\/wp-content\/uploads\/2021\/02\/tipos-pr\u00f3tese-dent\u00e1ria-fixa-gengiva.jpg 800w, https:\/\/luisgustavoleite.com.br\/blog\/wp-content\/uploads\/2021\/02\/tipos-pr\u00f3tese-dent\u00e1ria-fixa-gengiva-300x169.jpg 300w, https:\/\/luisgustavoleite.com.br\/blog\/wp-content\/uploads\/2021\/02\/tipos-pr\u00f3tese-dent\u00e1ria-fixa-gengiva-768x432.jpg 768w\" sizes=\"(max-width: 800px) 100vw, 800px\" \/><\/a><figcaption id=\"caption-attachment-21366\" class=\"wp-caption-text\">Pr\u00f3tese em porcelana pura: mais naturalidade e delicadeza para procedimentos de impacto em odontologia est\u00e9tica.<\/figcaption><\/figure>\n<p>\u00a0<\/p>\n<p>\u00a0<\/p>\n<h2><span style=\"color: #470047;\">A pr\u00f3tese dent\u00e1ria em porcelana pura \u00e9 indicada para gengivas retra\u00eddas.<\/span><\/h2>\n<p>\u00a0<\/p>\n<p>A pr\u00f3tese dent\u00e1ria em porcelana pura \u00e9 o tipo ideal para gengivas retra\u00eddas. Entre as vantagens para isso est\u00e3o as bordas finas e delicadas, que permitem ao dentista posicion\u00e1-las aqu\u00e9m ou sobre a <a href=\"https:\/\/luisgustavoleite.com.br\/blog\/raiz-dentaria-exposta\/\" target=\"_blank\" rel=\"noopener\"><span style=\"background-color: #d4e9ff;\">raiz dent\u00e1ria exposta<\/span><\/a>, sem causar problemas est\u00e9ticos ou \u00e1reas que ret\u00e9m alimentos ou placa bacteriana.<\/p>\n<p>\u00a0<\/p>\n<p>Outra vantagem da porcelana pura \u00e9 que o material utilizado em sua composi\u00e7\u00e3o facilita a ader\u00eancia das gengivas sobre ela. Esta maior biocompatibilidade, aliada \u00e0s suas bordas finas, tamb\u00e9m traz um melhor progn\u00f3stico \u00e0 cirurgia para recuperar gengivas retra\u00eddas.<\/p>\n<p>\u00a0<\/p>\n<p>Tamb\u00e9m n\u00e3o d\u00e1 para esquecer que a pr\u00f3tese em porcelana pura n\u00e3o necessita ser trocada quando a gengiva retrai. Isto acontece porque, diferente dos outros tipos, \u00e9 dif\u00edcil identificar a \u00e1rea de t\u00e9rmino de suas bordas &#8211; o que evita problemas est\u00e9ticos frequentes \u00e0s t\u00e9cnicas com zirc\u00f4nia ou metalocer\u00e2mica.<\/p>\n<p>\u00a0<\/p>\n<p>\u00a0<\/p>\n<h2><span style=\"color: #470047;\">Alternativas \u00e0 pr\u00f3tese dent\u00e1ria em porcelana pura para recobrir raiz dent\u00e1ria exposta.<\/span><\/h2>\n<p>\u00a0<\/p>\n<p>Para as pequenas retra\u00e7\u00f5es gengivas (at\u00e9 2mm de exposi\u00e7\u00e3o da raiz dent\u00e1ria), a pr\u00f3tese dent\u00e1ria em porcelana pura pode ser suficiente para resolver o problema.<\/p>\n<p>\u00a0<\/p>\n<p>A ideia para este tratamento \u00e9 recobrir a raiz que ficou exposta com a porcelana pura. Apesar de eficiente, ela n\u00e3o \u00e9 indicada para grandes retra\u00e7\u00f5es, j\u00e1 que os resultados est\u00e9ticos s\u00e3o desagrad\u00e1veis &#8211; os dentes ficam muito alongados.<\/p>\n<p>\u00a0<\/p>\n<p>Mas existem outras alternativas para recobrir a raiz dent\u00e1ria exposta. Veja os procedimentos mais indicados:<\/p>\n<p>\u00a0<\/p>\n<h3><span style=\"color: #470047;\">Cirurgia gengival simples<\/span><\/h3>\n<p>T\u00e9cnica que reposiciona, atrav\u00e9s de cirurgia, as bordas das gengivas retra\u00eddas para uma posi\u00e7\u00e3o mais natural e est\u00e9tica junto \u00e0s bordas da pr\u00f3tese dent\u00e1ria em porcelana pura.<\/p>\n<p>\u00a0<\/p>\n<h3><span style=\"color: #470047;\">Enxerto gengival<\/span><\/h3>\n<p>Problemas como gengivas escuras ou retra\u00e7\u00f5es extensas s\u00e3o melhor resolvidas atrav\u00e9s da cirurgia com enxerto de gengiva.<\/p>\n<p>\u00a0<\/p>\n<h3><span style=\"color: #470047;\">Dessensibiliza\u00e7\u00e3o<\/span><\/h3>\n<p>Em muitas situa\u00e7\u00f5es, o melhor mesmo \u00e9 n\u00e3o fazer nada, adotar h\u00e1bitos eficientes de remo\u00e7\u00e3o da placa bacteriana, evitar a press\u00e3o excessiva das cerdas das escovas dent\u00e1rias contra os dentes e <a href=\"https:\/\/luisgustavoleite.com.br\/blog\/retracao-gengival-dor-e-sensibilidade-dos-dentes\/\" target=\"_blank\" rel=\"noopener\"><span style=\"background-color: #d4e9ff;\">dessensibilizar as ra\u00edzes dent\u00e1rias contra a dor e sensibilidade<\/span><\/a> ao ingerir alimentos frios, doces ou \u00e1cidos.<\/p>\n<p>\u00a0<\/p>\n<figure id=\"attachment_21367\" aria-describedby=\"caption-attachment-21367\" style=\"width: 1500px\" class=\"wp-caption aligncenter\"><a href=\"https:\/\/luisgustavoleite.com.br\/blog\/wp-content\/uploads\/2021\/02\/enxerto-gengival-gengiva-retra\u00edda-retra\u00e7\u00e3o-pr\u00f3tese-dent\u00e1ria.jpg\"><img decoding=\"async\" loading=\"lazy\" class=\"size-full wp-image-21367\" src=\"https:\/\/luisgustavoleite.com.br\/blog\/wp-content\/uploads\/2021\/02\/enxerto-gengival-gengiva-retra\u00edda-retra\u00e7\u00e3o-pr\u00f3tese-dent\u00e1ria.jpg\" alt=\"\" width=\"1500\" height=\"900\" srcset=\"https:\/\/luisgustavoleite.com.br\/blog\/wp-content\/uploads\/2021\/02\/enxerto-gengival-gengiva-retra\u00edda-retra\u00e7\u00e3o-pr\u00f3tese-dent\u00e1ria.jpg 1500w, https:\/\/luisgustavoleite.com.br\/blog\/wp-content\/uploads\/2021\/02\/enxerto-gengival-gengiva-retra\u00edda-retra\u00e7\u00e3o-pr\u00f3tese-dent\u00e1ria-300x180.jpg 300w, https:\/\/luisgustavoleite.com.br\/blog\/wp-content\/uploads\/2021\/02\/enxerto-gengival-gengiva-retra\u00edda-retra\u00e7\u00e3o-pr\u00f3tese-dent\u00e1ria-768x461.jpg 768w, https:\/\/luisgustavoleite.com.br\/blog\/wp-content\/uploads\/2021\/02\/enxerto-gengival-gengiva-retra\u00edda-retra\u00e7\u00e3o-pr\u00f3tese-dent\u00e1ria-1024x614.jpg 1024w\" sizes=\"(max-width: 1500px) 100vw, 1500px\" \/><\/a><figcaption id=\"caption-attachment-21367\" class=\"wp-caption-text\">Cirurgia com enxerto gengival pode ser utilizada, em casos selecionados, para recuperar gengivas retra\u00eddas em dentes com pr\u00f3teses dent\u00e1rias.<\/figcaption><\/figure>\n<p>\u00a0<\/p>\n<p>\u00a0<\/p>\n<h2><span style=\"color: #470047;\">A cirurgia gengival simples junto \u00e0 pr\u00f3tese dent\u00e1ria fixa.<\/span><\/h2>\n<p>\u00a0<\/p>\n<p>A reconstru\u00e7\u00e3o das gengivas retra\u00eddas junto \u00e0 pr\u00f3tese dent\u00e1ria fixa pode ser realizada atrav\u00e9s da cirurgia gengival simples.<span class=\"Apple-converted-space\">\u00a0<\/span><\/p>\n<p>\u00a0<\/p>\n<p>Tamb\u00e9m conhecida como cirurgia para recobrimento de raiz dent\u00e1ria exposta, ela \u00e9 indicada para tratar as sequelas da <a href=\"https:\/\/luisgustavoleite.com.br\/blog\/retracao-gengival-tratamento-e-recuperacao-estetica\/\" target=\"_blank\" rel=\"noopener\"><span style=\"background-color: #d4e9ff;\">retra\u00e7\u00e3o gengival<\/span><\/a>. Danos est\u00e9ticos ao sorriso, dor e sensibilidade e dificuldade para remover a placa bacteriana s\u00e3o alguns dos problemas indicados a esta t\u00e9cnica cir\u00fargica.<\/p>\n<p>\u00a0<\/p>\n<p>A <a href=\"https:\/\/luisgustavoleite.com.br\/blog\/plastica-gengival-gengivas\/\" target=\"_blank\" rel=\"noopener\"><span style=\"background-color: #d4e9ff;\">pl\u00e1stica gengival<\/span><\/a> \u00e9 simples. Ap\u00f3s a anestesia local, o periodontista incisa e descola as gengivas retra\u00eddas pr\u00f3xima \u00e0 pr\u00f3tese dent\u00e1ria, reposicionando e fixando-as em posi\u00e7\u00e3o mais est\u00e9tica, recobrindo assim a raiz dent\u00e1ria exposta.<\/p>\n<p>\u00a0<\/p>\n<p>Apesar da simplicidade, a <a href=\"https:\/\/luisgustavoleite.com.br\/blog\/cirurgia-para-retracao-gengival-dor-e-cicatrizacao\/\" target=\"_blank\" rel=\"noopener\"><span style=\"background-color: #d4e9ff;\">cirurgia para gengiva retra\u00edda<\/span><\/a> exige aten\u00e7\u00e3o com rela\u00e7\u00e3o ao seu <a href=\"https:\/\/luisgustavoleite.com.br\/blog\/cirurgia-gengival-pos-operatorio\/\" target=\"_blank\" rel=\"noopener\"><span style=\"background-color: #d4e9ff;\">p\u00f3s-operat\u00f3rio cheio de cuidados<\/span><\/a>. Al\u00e9m de evitar exerc\u00edcios f\u00edsicos por at\u00e9 uma semana, ela tamb\u00e9m restringe a mastiga\u00e7\u00e3o de alimentos duros por alguns dias e requer organiza\u00e7\u00e3o na agenda j\u00e1 que ela pode trazer comprometimento est\u00e9tico durante a cicatriza\u00e7\u00e3o.<\/p>\n<p>\u00a0<\/p>\n<p>\u00a0<\/p>\n<h2><span style=\"color: #470047;\">Enxerto gengival para recuperar gengiva retra\u00edda junto \u00e0 pr\u00f3tese dent\u00e1ria fixa.<\/span><\/h2>\n<p>\u00a0<\/p>\n<p>A ideia de que o <a href=\"https:\/\/luisgustavoleite.com.br\/blog\/enxerto-de-gengiva-indicacoes-pros-e-contras\/\" target=\"_blank\" rel=\"noopener\"><span style=\"background-color: #d4e9ff;\">enxerto gengival<\/span><\/a> pode recuperar gengivas retra\u00eddas em qualquer situa\u00e7\u00e3o est\u00e1 longe da realidade. Apesar da efici\u00eancia deste tipo de <a href=\"https:\/\/luisgustavoleite.com.br\/blog\/cirurgia-plastica-gengival-em-porto-alegre-1\/\" target=\"_blank\" rel=\"noopener\"><span style=\"background-color: #d4e9ff;\">cirurgia pl\u00e1stica gengival<\/span><\/a>, ela n\u00e3o funciona para todos os casos.<\/p>\n<p>\u00a0<\/p>\n<p>O <a href=\"https:\/\/luisgustavoleite.com.br\/blog\/enxerto-gengival-e-protese-dentaria-fixa-tratamento\/\" target=\"_blank\" rel=\"noopener\"><span style=\"background-color: #d4e9ff;\">enxerto de gengiva junto \u00e0 pr\u00f3tese dental em porcelana<\/span><\/a> \u00e9 frequentemente indicado para aumentar a espessura das gengivas. O objetivo disso \u00e9 diminuir a translucidez tecidual que aparece sob a forma de <a href=\"https:\/\/luisgustavoleite.com.br\/blog\/gengiva-escura-ou-acinzentada-por-protese-dentaria\/\" target=\"_blank\" rel=\"noopener\"><span style=\"background-color: #d4e9ff;\">gengivas escurecidas (escuras)<\/span><\/a> devido ao metal presente em dispositivos prot\u00e9ticos &#8211; inclu\u00eddo a\u00ed o <a href=\"https:\/\/luisgustavoleite.com.br\/blog\/enxerto-gengival-para-implante-dentario-detalhes-e-indicacao-da-cirurgia\/\" target=\"_blank\" rel=\"noopener\"><span style=\"background-color: #d4e9ff;\">implante dent\u00e1rio<\/span><\/a>.<\/p>\n<p>\u00a0<\/p>\n<p>O <a href=\"https:\/\/luisgustavoleite.com.br\/blog\/enxerto-gengival-natural-ou-biossintetico-compare-as-diferencas\/\" target=\"_blank\" rel=\"noopener\"><span style=\"background-color: #d4e9ff;\">tipo de enxerto de gengiva mais indicado<\/span><\/a> \u00e9 o aut\u00f3geno (removido do pr\u00f3prio pacientes). Al\u00e9m de reduzir o pre\u00e7o do procedimento, ele \u00e9 mais eficiente para grandes aumentos de volume tecidual ou na recupera\u00e7\u00e3o de extensas \u00e1reas com gengivas retra\u00eddas.<\/p>\n<p>\u00a0<\/p>\n<p>Tamb\u00e9m existem o enxerto gengival obtido a partir de animais (biossint\u00e9ticos). Menos eficiente que o enxerto natural em algumas situa\u00e7\u00f5es, traz como vantagem o <a href=\"https:\/\/luisgustavoleite.com.br\/blog\/enxerto-de-gengiva-para-retracao-gengival-traz-pos-operatorio-delicado\/\" target=\"_blank\" rel=\"noopener\"><span style=\"background-color: #d4e9ff;\">p\u00f3s-operat\u00f3rio<\/span><\/a> mais simples.<span class=\"Apple-converted-space\">\u00a0<\/span><\/p>\n<p>\u00a0<\/p>\n<figure id=\"attachment_21368\" aria-describedby=\"caption-attachment-21368\" style=\"width: 800px\" class=\"wp-caption aligncenter\"><a href=\"https:\/\/luisgustavoleite.com.br\/blog\/wp-content\/uploads\/2021\/02\/retra\u00e7\u00e3o-gengiva-retra\u00edda-preotese-dent\u00e1ria-implante-dent\u00e1rio.jpg\"><img decoding=\"async\" loading=\"lazy\" class=\"size-full wp-image-21368\" src=\"https:\/\/luisgustavoleite.com.br\/blog\/wp-content\/uploads\/2021\/02\/retra\u00e7\u00e3o-gengiva-retra\u00edda-preotese-dent\u00e1ria-implante-dent\u00e1rio.jpg\" alt=\"\" width=\"800\" height=\"450\" srcset=\"https:\/\/luisgustavoleite.com.br\/blog\/wp-content\/uploads\/2021\/02\/retra\u00e7\u00e3o-gengiva-retra\u00edda-preotese-dent\u00e1ria-implante-dent\u00e1rio.jpg 800w, https:\/\/luisgustavoleite.com.br\/blog\/wp-content\/uploads\/2021\/02\/retra\u00e7\u00e3o-gengiva-retra\u00edda-preotese-dent\u00e1ria-implante-dent\u00e1rio-300x169.jpg 300w, https:\/\/luisgustavoleite.com.br\/blog\/wp-content\/uploads\/2021\/02\/retra\u00e7\u00e3o-gengiva-retra\u00edda-preotese-dent\u00e1ria-implante-dent\u00e1rio-768x432.jpg 768w\" sizes=\"(max-width: 800px) 100vw, 800px\" \/><\/a><figcaption id=\"caption-attachment-21368\" class=\"wp-caption-text\">O aparecimento de gengivas retra\u00eddas junto a implantes dent\u00e1rios \u00e9 uma das indica\u00e7\u00f5es do enxerto gengival.<\/figcaption><\/figure>\n<p>\u00a0<\/p>\n<p>\u00a0<\/p>\n<h2><span style=\"color: #470047;\">Evite a restaura\u00e7\u00e3o dental em resina junto \u00e0 pr\u00f3tese dent\u00e1ria em porcelana.<\/span><\/h2>\n<p>\u00a0<\/p>\n<p>Os danos est\u00e9ticos ao sorriso que aparecem como resultado da retra\u00e7\u00e3o da gengiva junto \u00e0 pr\u00f3tese dent\u00e1ria podem ser devastadores. E para resolver isto, muitos pacientes optam pela <a href=\"https:\/\/luisgustavoleite.com.br\/blog\/restauracao-dental-em-resina-indicacoes-pros-e-contras\/\" target=\"_blank\" rel=\"noopener\"><span style=\"background-color: #d4e9ff;\">restaura\u00e7\u00e3o dent\u00e1ria em resina<\/span><\/a> como forma de amenizar os impactos est\u00e9ticos negativos.<\/p>\n<p>\u00a0<\/p>\n<p>Na verdade, a ideia at\u00e9 faz algum sentido, por\u00e9m, na pr\u00e1tica, os resultados costumam ser desastrosos. Al\u00e9m da dificuldade para unir a restaura\u00e7\u00e3o dent\u00e1ria \u00e0 borda da pr\u00f3tese dent\u00e1ria, o que se v\u00ea, na maioria das vezes, s\u00e3o desadapta\u00e7\u00f5es que frequentemente resultam em problemas como o <a href=\"https:\/\/luisgustavoleite.com.br\/blog\/retracao-gengival-e-mau-halito\/\" target=\"_blank\" rel=\"noopener\"><span style=\"background-color: #d4e9ff;\">mau h\u00e1lito<\/span><\/a> e a <a href=\"https:\/\/luisgustavoleite.com.br\/blog\/proteses-dentarias-infiltracao-por-carie\/\" target=\"_blank\" rel=\"noopener\"><span style=\"background-color: #d4e9ff;\">infiltra\u00e7\u00e3o por c\u00e1rie dent\u00e1ria<\/span><\/a>.<\/p>\n<p>\u00a0<\/p>\n<p>\u00a0<\/p>\n<h2><span style=\"color: #470047;\">A periodontite e sua rela\u00e7\u00e3o com a pr\u00f3tese dent\u00e1ria fixa.<\/span><\/h2>\n<p>\u00a0<\/p>\n<p>A <a href=\"https:\/\/luisgustavoleite.com.br\/blog\/periodontite\/\" target=\"_blank\" rel=\"noopener\"><span style=\"background-color: #d4e9ff;\">periodontite<\/span><\/a> \u00e9 a principal causa para a retra\u00e7\u00e3o gengival junto \u00e0 pr\u00f3tese dent\u00e1ria fixa.<\/p>\n<p>\u00a0<\/p>\n<p>Apesar de n\u00e3o ser a causa para a periodontite, o design incorreto das pr\u00f3teses dent\u00e1rias fixas podem favorecer o aparecimento da doen\u00e7a periodontal ao dificultar, ao paciente, a remo\u00e7\u00e3o da placa bacteriana.<\/p>\n<p>\u00a0<\/p>\n<p>O tratamento da periodontite junto \u00e0 pr\u00f3tese dent\u00e1ria fixa, seja na t\u00e9cnica com <a href=\"https:\/\/luisgustavoleite.com.br\/blog\/jaqueta-dentaria\/\" target=\"_blank\" rel=\"noopener\"><span style=\"background-color: #d4e9ff;\">jaqueta dent\u00e1ria<\/span><\/a>, coroa ou <a href=\"https:\/\/luisgustavoleite.com.br\/blog\/protese-dentaria-em-porcelana-tipo-pontico-pode-substituir-implantes\/\" target=\"_blank\" rel=\"noopener\"><span style=\"background-color: #d4e9ff;\">p\u00f4ntico dent\u00e1rio<\/span><\/a>, \u00e9 semelhante \u00e0 realizada em dentes sem estes dispositivos prot\u00e9ticos. Basicamente consiste na remo\u00e7\u00e3o da placa bacteriana e t\u00e1rtaro acumulado junto e internamente \u00e0s gengivas, al\u00e9m da ado\u00e7\u00e3o de h\u00e1bitos e t\u00e9cnicas de escova\u00e7\u00e3o dos dentes (higieniza\u00e7\u00e3o dos dentes) mais eficientes.<\/p>\n<p>\u00a0<\/p>\n<p>As consultas peri\u00f3dicas ao periodontista s\u00e3o essenciais para evitar a recidiva da periodontite. S\u00e3o nesses encontros que o dentista revisa, dente a dente, a sa\u00fade das gengivas, e a poss\u00edvel evolu\u00e7\u00e3o da retra\u00e7\u00e3o gengival.<\/p>\n<p>\u00a0<\/p>\n<figure id=\"attachment_21369\" aria-describedby=\"caption-attachment-21369\" style=\"width: 1500px\" class=\"wp-caption aligncenter\"><a href=\"https:\/\/luisgustavoleite.com.br\/blog\/wp-content\/uploads\/2021\/02\/gengivite-e-periodontite.jpg\"><img decoding=\"async\" loading=\"lazy\" class=\"size-full wp-image-21369\" src=\"https:\/\/luisgustavoleite.com.br\/blog\/wp-content\/uploads\/2021\/02\/gengivite-e-periodontite.jpg\" alt=\"\" width=\"1500\" height=\"900\" srcset=\"https:\/\/luisgustavoleite.com.br\/blog\/wp-content\/uploads\/2021\/02\/gengivite-e-periodontite.jpg 1500w, https:\/\/luisgustavoleite.com.br\/blog\/wp-content\/uploads\/2021\/02\/gengivite-e-periodontite-300x180.jpg 300w, https:\/\/luisgustavoleite.com.br\/blog\/wp-content\/uploads\/2021\/02\/gengivite-e-periodontite-768x461.jpg 768w, https:\/\/luisgustavoleite.com.br\/blog\/wp-content\/uploads\/2021\/02\/gengivite-e-periodontite-1024x614.jpg 1024w\" sizes=\"(max-width: 1500px) 100vw, 1500px\" \/><\/a><figcaption id=\"caption-attachment-21369\" class=\"wp-caption-text\">Gengivite e periodontite: gengivas inchadas e sangramento s\u00e3o sinais comuns \u00e0s duas doen\u00e7as.<\/figcaption><\/figure>\n<p>\u00a0<\/p>\n<p>\u00a0<\/p>\n<h2><span style=\"color: #470047;\">Retra\u00e7\u00e3o gengival: preven\u00e7\u00e3o e controle junto ao dentista periodontista.<\/span><\/h2>\n<p>\u00a0<\/p>\n<p>Prevenir o aparecimento e progress\u00e3o da retra\u00e7\u00e3o gengival \u00e9 f\u00e1cil mas costuma exigir consultas regulares ao dentista periodontista para casos mais severos.<span class=\"Apple-converted-space\">\u00a0<\/span><\/p>\n<p>\u00a0<\/p>\n<p>Depois de identificada as causas e tratada a recess\u00e3o gengival, um registro fotogr\u00e1fico e cl\u00ednico individual, dente a dente, \u00e9 necess\u00e1rio para registrar as \u00e1reas com retra\u00e7\u00f5es teciduais, bem como sua severidade. \u00c9 atrav\u00e9s deste controle que o periodontista verifica, semestralmente ou anualmente, a atividade ou estabilidade da condi\u00e7\u00e3o recessiva.<\/p>\n<p>\u00a0<\/p>\n<p>A ado\u00e7\u00e3o de h\u00e1bitos e t\u00e9cnicas de remo\u00e7\u00e3o da placa bacteriana (higieniza\u00e7\u00e3o dos dentes) \u00e9 parte fundamental da preven\u00e7\u00e3o da periodontite e da retra\u00e7\u00e3o gengival. \u00c9 gra\u00e7as a ela que a gengivas permanecem livres de infec\u00e7\u00f5es bacterianas, sem riscos para a progress\u00e3o da doen\u00e7a periodontal.<\/p>\n<p>\u00a0<\/p>\n<p><a href=\"http:\/\/luisgustavoleite.com.br\/tratamentos\/protese-dentaria-em-porcelana-pura-dentista-em-porto-alegre.php\" target=\"_blank\" rel=\"noopener\"><span style=\"background-color: #d4e9ff;\"><em>Saiba mais sobre pr\u00f3tese dent\u00e1ria em porcelana pura clicando aqui.<\/em><\/span><\/a><\/p>\n<p><span style=\"color: #470047;\"><em>Ou aproveite para ler os posts relacionados:<\/em><\/span><\/p>\n","protected":false},"excerpt":{"rendered":"<p>Mais est\u00e9tica e biocompat\u00edvel, a pr\u00f3tese dent\u00e1ria em porcelana pura \u00e9 ideal para gengivas retra\u00eddas. Conhe\u00e7a mais sobre esta t\u00e9cnica e as alternativas de tratamento como a cirurgia com enxerto gengival. \u00a0 Lu\u00eds Gustavo Leite \u00e9 dentista especialista em pr\u00f3teses dent\u00e1rias e periodontista (especialista em gengivas), ambas pela UFRGS, em Porto Alegre. \u00a0 \u00a0 Gengivas [&hellip;]<\/p>\n","protected":false},"author":4,"featured_media":21362,"comment_status":"open","ping_status":"open","sticky":false,"template":"","format":"standard","meta":[],"categories":[48],"tags":[],"_links":{"self":[{"href":"https:\/\/luisgustavoleite.com.br\/blog\/wp-json\/wp\/v2\/posts\/21355"}],"collection":[{"href":"https:\/\/luisgustavoleite.com.br\/blog\/wp-json\/wp\/v2\/posts"}],"about":[{"href":"https:\/\/luisgustavoleite.com.br\/blog\/wp-json\/wp\/v2\/types\/post"}],"author":[{"embeddable":true,"href":"https:\/\/luisgustavoleite.com.br\/blog\/wp-json\/wp\/v2\/users\/4"}],"replies":[{"embeddable":true,"href":"https:\/\/luisgustavoleite.com.br\/blog\/wp-json\/wp\/v2\/comments?post=21355"}],"version-history":[{"count":8,"href":"https:\/\/luisgustavoleite.com.br\/blog\/wp-json\/wp\/v2\/posts\/21355\/revisions"}],"predecessor-version":[{"id":21370,"href":"https:\/\/luisgustavoleite.com.br\/blog\/wp-json\/wp\/v2\/posts\/21355\/revisions\/21370"}],"wp:featuredmedia":[{"embeddable":true,"href":"https:\/\/luisgustavoleite.com.br\/blog\/wp-json\/wp\/v2\/media\/21362"}],"wp:attachment":[{"href":"https:\/\/luisgustavoleite.com.br\/blog\/wp-json\/wp\/v2\/media?parent=21355"}],"wp:term":[{"taxonomy":"category","embeddable":true,"href":"https:\/\/luisgustavoleite.com.br\/blog\/wp-json\/wp\/v2\/categories?post=21355"},{"taxonomy":"post_tag","embeddable":true,"href":"https:\/\/luisgustavoleite.com.br\/blog\/wp-json\/wp\/v2\/tags?post=21355"}],"curies":[{"name":"wp","href":"https:\/\/api.w.org\/{rel}","templated":true}]}}