{"id":21433,"date":"2021-03-09T15:36:38","date_gmt":"2021-03-09T18:36:38","guid":{"rendered":"https:\/\/luisgustavoleite.com.br\/blog\/?p=21433"},"modified":"2021-03-09T20:52:43","modified_gmt":"2021-03-09T23:52:43","slug":"faceta-de-porcelana-ou-aparelho-ortodontico","status":"publish","type":"post","link":"https:\/\/luisgustavoleite.com.br\/blog\/faceta-de-porcelana-ou-aparelho-ortodontico\/","title":{"rendered":"Faceta de porcelana ou aparelho ortod\u00f4ntico? Escolha deve ser criteriosa."},"content":{"rendered":"\n<p>A faceta de porcelana pode ser utilizada para substituir o aparelho ortod\u00f4ntico em algumas situa\u00e7\u00f5es &#8211; mas exige crit\u00e9rios na sua indica\u00e7\u00e3o para evitar desgastes desnecess\u00e1rios nos dentes.<\/p>\n<p>&nbsp;<\/p>\n<p><i><img decoding=\"async\" loading=\"lazy\" class=\"alignleft\" src=\"https:\/\/luisgustavoleite.com.br\/blog\/wp-content\/uploads\/2018\/10\/eu.jpg\" alt=\"\" width=\"70\" height=\"70\"><\/i><span style=\"color: #470047;\"><em>Lu\u00eds Gustavo Leite \u00e9 dentista especialista em periodontia e pr\u00f3teses dent\u00e1rias, ambas pela UFRGS, em Porto Alegre.<\/em><\/span><\/p>\n<p>&nbsp;<\/p>\n<p>&nbsp;<\/p>\n<h2><span style=\"color: #470047;\">Faceta de porcelana, a t\u00e9cnica para transforma\u00e7\u00f5es r\u00e1pidas do sorriso.<\/span><\/h2>\n<p>&nbsp;<\/p>\n<p>Nenhum outro procedimento em <a href=\"https:\/\/luisgustavoleite.com.br\/blog\/odontologia-estetica-em-porto-alegre\/\" target=\"_blank\" rel=\"noopener\"><span style=\"background-color: #c9e4ff;\">odontologia est\u00e9tica<\/span><\/a> \u00e9 t\u00e3o desejado como a transforma\u00e7\u00e3o de impacto do sorriso com facetas de porcelanas. Utilizado para corrigir a cor e forma dos dentes, \u00e9 ele quem est\u00e1 por tr\u00e1s dos alinhamentos milim\u00e9tricos de dentes e das cores brancas estonteantes muitas vezes imposs\u00edveis de serem encontradas na denti\u00e7\u00e3o natural.<\/p>\n<p>&nbsp;<\/p>\n<p>Mas se de um lado as corre\u00e7\u00f5es dent\u00e1rias com <a href=\"https:\/\/luisgustavoleite.com.br\/blog\/faceta-de-porcelana-pros-e-contras\/\" target=\"_blank\" rel=\"noopener\"><span style=\"background-color: #c9e4ff;\">facetas de porcelana<\/span><\/a> podem at\u00e9 mesmo, em alguns casos, substituir o aparelho ortod\u00f4ntico, por outro exigem exigem a redu\u00e7\u00e3o da estrutura dent\u00e1ria realizada atrav\u00e9s de desgastes na superf\u00edcie dos dentes.<span class=\"Apple-converted-space\">&nbsp;<\/span><\/p>\n<p>&nbsp;<\/p>\n<p>Os objetivos destes desgastes sobre os dentes s\u00e3o eliminar as manchas e restaura\u00e7\u00f5es dent\u00e1rias antigas e tamb\u00e9m permitir a constru\u00e7\u00e3o de l\u00e2minas de porcelana com espessuras semelhantes &#8211; um procedimento seguro aos dentes quando feito sobre protocolos t\u00e9cnicos mas que traz como principal desvantagem a sua irreversibilidade.<\/p>\n<p>&nbsp;<\/p>\n<p>&nbsp;<\/p>\n<h2><span style=\"color: #470047;\">Quando a faceta de porcelana \u00e9 indicada para alinhar dentes tortos e girados.<\/span><\/h2>\n<p>&nbsp;<\/p>\n<p>Os desgastes dent\u00e1rios necess\u00e1rios \u00e0s <a href=\"https:\/\/luisgustavoleite.com.br\/blog\/faceta-dentaria-laminada\/\" target=\"_blank\" rel=\"noopener\"><span style=\"background-color: #c9e4ff;\">facetas dent\u00e1rias laminadas<\/span><\/a>, para valerem a pena, exigem precis\u00e3o seja na execu\u00e7\u00e3o do procedimento quanto na indica\u00e7\u00e3o da t\u00e9cnica. E para entender um pouco mais, vejas as indica\u00e7\u00f5es, pr\u00f3s e contras da faceta de porcelana para <a href=\"https:\/\/luisgustavoleite.com.br\/blog\/dentes-tortos-tratamentos\/\" target=\"_blank\" rel=\"noopener\"><span style=\"background-color: #c9e4ff;\">alinhar dentes tortos<\/span><\/a>:<\/p>\n<p>&nbsp;<\/p>\n<h3><span style=\"color: #470047;\">Indica\u00e7\u00f5es<\/span><\/h3>\n<p><span style=\"color: #470047;\">\u2713<\/span> reconstruir a cor e forma dos dentes;<\/p>\n<p><span style=\"color: #470047;\">\u2713<\/span> alinhar dentes tortos (casos leves);<\/p>\n<p><span style=\"color: #470047;\">\u2713<\/span> fechar diastemas (espa\u00e7os entre dentes);<\/p>\n<p><span style=\"color: #470047;\">\u2713<\/span> recuperar dentes escurecidos ap\u00f3s canal;<\/p>\n<p>&nbsp;<\/p>\n<h3><span style=\"color: #470047;\">Pr\u00f3s<\/span><\/h3>\n<p><span style=\"color: #470047;\">\u2713<\/span> resultados est\u00e9ticos marcantes;<\/p>\n<p><span style=\"color: #470047;\">\u2713<\/span> durabilidade elevada;<\/p>\n<p><span style=\"color: #470047;\">\u2713<\/span> rapidez do tratamento;<\/p>\n<p>&nbsp;<\/p>\n<h3><span style=\"color: #470047;\">Contras<\/span><\/h3>\n<p><span style=\"color: #470047;\">\u2713<\/span> requer desgastes dent\u00e1rios;<\/p>\n<p><span style=\"color: #470047;\">\u2713<\/span> pre\u00e7o elevado.<\/p>\n<p>&nbsp;<\/p>\n<p>&nbsp;<\/p>\n<h2><span style=\"color: #470047;\">Faceta de porcelana n\u00e3o \u00e9 indicada para pacientes jovens.<\/span><\/h2>\n<p>&nbsp;<\/p>\n<p>A faceta de porcelana n\u00e3o deveria, a princ\u00edpio, ser utilizada em pacientes jovens. Isto porque, na maioria das vezes, as superf\u00edcies dos dentes destes indiv\u00edduos s\u00e3o livres de <a href=\"https:\/\/luisgustavoleite.com.br\/blog\/restauracao-dental-em-resina-indicacoes-pros-e-contras\/\" target=\"_blank\" rel=\"noopener\"><span style=\"background-color: #c9e4ff;\">restaura\u00e7\u00f5es dent\u00e1rias extensas em resina<\/span><\/a> ou outros problemas de escurecimento dos dentes.<\/p>\n<p>&nbsp;<\/p>\n<p>Em pacientes jovens, a t\u00e9cnica com lente de contato dental, que n\u00e3o desgasta os dentes, e o tratamento com aparelho ortod\u00f4ntico s\u00e3o as t\u00e9cnicas mais recomendadas para alinhar dentes ou reparar pequenos defeitos como os <a href=\"https:\/\/luisgustavoleite.com.br\/blog\/diastema-tratamento-o-que-e-como-fechar\/\" target=\"_blank\" rel=\"noopener\"><span style=\"background-color: #c9e4ff;\">espa\u00e7os entre os dentes, os diastemas<\/span><\/a>.<\/p>\n<p>&nbsp;<\/p>\n<p>&nbsp;<\/p>\n<h2><span style=\"color: #470047;\">Aparelho ortod\u00f4ntico \u00e9 o tratamento mais indicado para alinhar dentes tortos.<\/span><\/h2>\n<p>&nbsp;<\/p>\n<p>O tratamento ortod\u00f4ntico \u00e9 a primeira op\u00e7\u00e3o para alinhar dentes tortos. Al\u00e9m de n\u00e3o exigir desgastes aos dentes, \u00e9 mais eficiente para corrigir problemas como apinhamentos, falta de alinhamento central (linha m\u00e9dia) e, principalmente, discrep\u00e2ncias \u00f3sseas que resultam em problemas de oclus\u00e3o (rela\u00e7\u00e3o entre dentes superiores e inferiores).<\/p>\n<p>&nbsp;<\/p>\n<p>A desvantagem do aparelho ortod\u00f4ntico frente \u00e0 faceta de porcelana \u00e9 mesmo o tempo maior de tratamento. Dependendo da severidade de desalinhamento dent\u00e1rio e problemas de oclus\u00e3o, podem ser necess\u00e1rios alguns anos at\u00e9 que os resultados sejam est\u00e1veis e ideais.<\/p>\n<p>&nbsp;<\/p>\n<p>&nbsp;<\/p>\n<h2><span style=\"color: #470047;\">Desgastes nos dentes da faceta de porcelana \u00e9 a principal diferen\u00e7a.<\/span><\/h2>\n<p>&nbsp;<\/p>\n<p>A vantagem do aparelho ortod\u00f4ntico \u00e9 mesmo a aus\u00eancia de desgastes sobre os dentes. Al\u00e9m de alinhar os dentes, ele permite giros e movimenta\u00e7\u00f5es dent\u00e1rias de todo tipo sem exigir redu\u00e7\u00f5es na estrutura do dente.<\/p>\n<p>&nbsp;<\/p>\n<p>Por sua vez, a <a href=\"https:\/\/luisgustavoleite.com.br\/blog\/desgastes-nos-dentes-nos-tratamentos-com-facetas\/\" target=\"_blank\" rel=\"noopener\"><span style=\"background-color: #c9e4ff;\">faceta de porcelana requer redu\u00e7\u00f5es (desgastes) na superf\u00edcie dos dentes<\/span><\/a>. \u00c9 atrav\u00e9s delas que o dentista constr\u00f3i um pr\u00e9-alinhamento dos dentes, essencial para que as l\u00e2minas finais sejam confeccionadas com espessuras semelhantes, sem riscos para diferen\u00e7as de cor ou dificuldade para reprodu\u00e7\u00e3o das cores e dos detalhes \u00f3pticos presentes em dentes naturais como as transpar\u00eancias, fluoresc\u00eancias e opalesc\u00eancias.<\/p>\n<p>&nbsp;<\/p>\n<p>&nbsp;<\/p>\n<h2><span style=\"color: #470047;\">Tempo de tratamento com faceta de porcelana.<\/span><\/h2>\n<p>&nbsp;<\/p>\n<p>O apelo para transforma\u00e7\u00f5es r\u00e1pidas do sorriso nas t\u00e9cnicas com faceta de porcelana e lente de contato dental \u00e9 grande para muitos indiv\u00edduos. E quando os problemas dent\u00e1rios est\u00e3o associados a perdas de autoestima que arrastam-se h\u00e1 muitos anos, ele pesa ainda mais na hora de optar pela t\u00e9cnica.<\/p>\n<p>&nbsp;<\/p>\n<p>Em m\u00e9dia, o tempo de tratamento com faceta de porcelana fica entre 14 a 21 dias. De fato, \u00e9 muito pouco tempo para modifica\u00e7\u00f5es na cor e forma dos dentes comparado ao tratamento ortod\u00f4ntico &#8211; um fator que n\u00e3o deveria ser levado em conta na hora de escolher entre as t\u00e9cnicas.<\/p>\n<p>&nbsp;<\/p>\n<p>&nbsp;<\/p>\n<h2><span style=\"color: #470047;\">Quando a faceta de porcelana \u00e9 indica\u00e7\u00e3o ideal frente o aparelho ortod\u00f4ntico.<\/span><\/h2>\n<p>&nbsp;<\/p>\n<p>Existem situa\u00e7\u00f5es em que, de fato, a <a href=\"https:\/\/luisgustavoleite.com.br\/blog\/facetas-dentes-tortos-e-inclinados\/\" target=\"_blank\" rel=\"noopener\"><span style=\"background-color: #c9e4ff;\">faceta de porcelana \u00e9 o tratamento mais indicado frente o aparelho ortod\u00f4ntico<\/span><\/a>. O exemplo mais claro \u00e9 quando os dentes anteriores est\u00e3o revestidos com in\u00fameras e extensas restaura\u00e7\u00f5es dent\u00e1rias em resina &#8211; e o desalinhamento dos dentes \u00e9 suave.<\/p>\n<p>&nbsp;<\/p>\n<p>A ideia para o uso da faceta de porcelana como t\u00e9cnica mais indicada \u00e9 simples. Ainda que o tratamento ortod\u00f4ntico alinhe os dentes, ainda assim ser\u00e1 necess\u00e1rio remover as camadas superficiais comprometidas dos dentes.<\/p>\n<p>&nbsp;<\/p>\n<p>A mesma ideia tamb\u00e9m pode ser utilizada para recuperar <a href=\"https:\/\/luisgustavoleite.com.br\/blog\/dentes-manchados-por-antibioticos-e-remedios\/\" target=\"_blank\" rel=\"noopener\"><span style=\"background-color: #c9e4ff;\">dentes severamente escurecidos por antibi\u00f3ticos<\/span><\/a> ou fluorose dent\u00e1ria. Nestes casos, a remo\u00e7\u00e3o da camada externa dos dentes \u00e9 indispens\u00e1vel para garantir uma l\u00e2mina de porcelana espessa o suficiente para esconder os problemas de cor.<\/p>\n<p>&nbsp;<\/p>\n<p>&nbsp;<\/p>\n<h2><span style=\"color: #470047;\">Faceta de resina pode ser alternativa com pre\u00e7o mais em conta.<\/span><\/h2>\n<p>&nbsp;<\/p>\n<p>Uma alternativa \u00e0 faceta de porcelana \u00e9 a faceta de resina, uma t\u00e9cnica realizada num \u00fanico dia que, al\u00e9m do pre\u00e7o mais em conta, traz resultados est\u00e9ticos interessantes.<\/p>\n<p>&nbsp;<\/p>\n<p>A faceta de resina tem m\u00faltiplas indica\u00e7\u00f5es. Do fechamento de espa\u00e7os entre os dentes, os diastemas, ao <a href=\"https:\/\/luisgustavoleite.com.br\/blog\/aumentar-dentes-pequenos\/\" target=\"_blank\" rel=\"noopener\"><span style=\"background-color: #c9e4ff;\">aumento de dentes curtos<\/span><\/a>, s\u00e3o v\u00e1rios os benef\u00edcios desta t\u00e9cnica simples e r\u00e1pida o bastante para eventos sociais ou entrevistas de emprego que aparecem de \u00faltima hora.<\/p>\n<p>&nbsp;<\/p>\n<p>Apesar da praticidade, a faceta de resina n\u00e3o \u00e9 t\u00e3o eficaz quanto a faceta de resina ao alinhar dentes tortos. A principal desvantagem desta t\u00e9cnica como alternativa ao aparelho ortod\u00f4ntico \u00e9 sua baixa durabilidade.<\/p>\n<p>&nbsp;<\/p>\n<p>As <a href=\"https:\/\/luisgustavoleite.com.br\/blog\/corrigir-dentes-tortos-com-faceta-de-resina-funciona-mas-tem-limitacoes\/\" target=\"_blank\" rel=\"noopener\"><span style=\"background-color: #c9e4ff;\">indica\u00e7\u00f5es da faceta de resina como alternativa ao aparelho ortod\u00f4ntico s\u00e3o os pequenos desalinhamentos de dentes<\/span><\/a>. \u00c9 o que acontece, por exemplo, nos pequenos desalinhamentos dent\u00e1rios que aparecem passados muitos anos do tratamento ortod\u00f4ntico, e que podem resultar em pequenas diferen\u00e7as de alinhamento dos dentes &#8211; mas cuja recupera\u00e7\u00e3o est\u00e9tica \u00e9 necess\u00e1ria.<\/p>\n<p>&nbsp;<\/p>\n<p>&nbsp;<\/p>\n<h2><span style=\"color: #470047;\">Lente de contato dental ap\u00f3s aparelho ortod\u00f4ntico \u00e9 alternativa inteligente.<\/span><\/h2>\n<p>&nbsp;<\/p>\n<p>A <a href=\"https:\/\/luisgustavoleite.com.br\/blog\/lente-de-contato-dental-com-e-o-tratamento\/\" target=\"_blank\" rel=\"noopener\"><span style=\"background-color: #c9e4ff;\">lente de contato dental<\/span> <\/a>tem como diferen\u00e7a da faceta de porcelana a aus\u00eancia de desgastes nos dentes. Nesta t\u00e9cnica, basta ao dentista moldar os dentes e, assim que receber do laborat\u00f3rio os <a href=\"https:\/\/luisgustavoleite.com.br\/blog\/laminados-ceramicos\/\" target=\"_blank\" rel=\"noopener\"><span style=\"background-color: #c9e4ff;\">laminados cer\u00e2micos<\/span><\/a> j\u00e1 prontos, col\u00e1-los diretamente sobre os dentes.<\/p>\n<p>&nbsp;<\/p>\n<p>Muitas vezes, ap\u00f3s o tratamento com aparelho ortod\u00f4ntico, apesar do alinhamento dos dentes, ainda pode haver problemas est\u00e9ticos ao sorriso decorrente das pr\u00f3prias caracter\u00edsticas dos dentes, como <a href=\"https:\/\/luisgustavoleite.com.br\/blog\/bruxismo-faceta-de-resina-e-restauracao-dentaria\/\" target=\"_blank\" rel=\"noopener\"><span style=\"background-color: #c9e4ff;\">desgastes pelo bruxismo<\/span><\/a>, formato dent\u00e1rio pouco marcante ou escurecimento dental.<\/p>\n<p>&nbsp;<\/p>\n<p>A lente de contato dental pode ser utilizada ap\u00f3s o tratamento com aparelho ortod\u00f4ntico para melhorar os resultados est\u00e9ticos finais. Seguro e r\u00e1pido, \u00e9 um tratamento revers\u00edvel e com <a href=\"https:\/\/luisgustavoleite.com.br\/blog\/lente-de-contato-dental-durabilidade\/\" target=\"_blank\" rel=\"noopener\"><span style=\"background-color: #c9e4ff;\">longa durabilidade<\/span><\/a> &#8211; ideal para os indiv\u00edduos mais exigentes com a harmonia do seu sorriso.<\/p>\n<p>&nbsp;<\/p>\n<p>&nbsp;<\/p>\n<h2><span style=\"color: #470047;\">Como \u00e9 o tratamento com faceta de porcelana para alinhar dentes tortos.<\/span><\/h2>\n<p>&nbsp;<\/p>\n<p>Por exigir desgastes aos dentes, o tratamento com facetas de porcelana exige uma s\u00e9rie de procedimentos pr\u00e9vios para garantir seguran\u00e7a e evitar frustra\u00e7\u00f5es com os resultados finais.<\/p>\n<p>&nbsp;<\/p>\n<p>Na primeira etapa do tratamento s\u00e3o realizados exames cl\u00ednicos e radiogr\u00e1ficos. Tomadas fotogr\u00e1ficas e moldagens tamb\u00e9m costumam ser feitas para os <a href=\"https:\/\/luisgustavoleite.com.br\/blog\/antes-e-depois-faceta-e-lente-de-contato-dental\/\" target=\"_blank\" rel=\"noopener\"><span style=\"background-color: #c9e4ff;\">procedimentos de simula\u00e7\u00e3o<\/span><\/a> sobre modelos ou diretamente sobre os dentes, na t\u00e9cnica conhecida como mockup.<\/p>\n<p>&nbsp;<\/p>\n<p>A simula\u00e7\u00e3o sobre modelo \u00e9 importante para o dentista planejar os locais em que ser\u00e3o realizados os desgastes. Passadas estas etapas, s\u00e3o realizadas as redu\u00e7\u00f5es na estrutura do dente e as moldagens, assim como os provis\u00f3rios que precisam estar \u00edntegros at\u00e9 o dia dos testes est\u00e9ticos ou da colagem final dos laminados cer\u00e2micos.<\/p>\n<p>&nbsp;<\/p>\n<p>O teste das facetas dent\u00e1rias \u00e9 melhor realizada em dias ensolarados, com luz plena. Tomadas fotogr\u00e1ficas ajudam ao paciente verificar, de diferentes \u00e2ngulos e dist\u00e2ncias, o resultado final do tratamento. Em alguns casos, s\u00e3o necess\u00e1rias altera\u00e7\u00f5es nas facetas, o que pode exigir 7 dias adicionais ao tratamento.<\/p>\n<p>&nbsp;<\/p>\n<p>Ap\u00f3s a aprova\u00e7\u00e3o est\u00e9tica da faceta de porcelana, elas s\u00e3o coladas sobre os dentes, Imediatamente ap\u00f3s a colagem j\u00e1 s\u00e3o permitidos ao paciente a retomada da alimenta\u00e7\u00e3o normal. Por \u00faltimo, instru\u00e7\u00f5es para limpeza, manuten\u00e7\u00e3o e retorno ao dentista s\u00e3o passadas para garantir vida longa aos laminados cer\u00e2micos rec\u00e9m instalados.<\/p>\n<p>&nbsp;<\/p>\n<p><span style=\"color: #470047;\"><em>Aproveite para ler os posts relacionados:<\/em><\/span><\/p>\n","protected":false},"excerpt":{"rendered":"<p>A faceta de porcelana pode ser utilizada para substituir o aparelho ortod\u00f4ntico em algumas situa\u00e7\u00f5es &#8211; mas exige crit\u00e9rios na sua indica\u00e7\u00e3o para evitar desgastes desnecess\u00e1rios nos dentes. &nbsp; Lu\u00eds Gustavo Leite \u00e9 dentista especialista em periodontia e pr\u00f3teses dent\u00e1rias, ambas pela UFRGS, em Porto Alegre. &nbsp; &nbsp; Faceta de porcelana, a t\u00e9cnica para transforma\u00e7\u00f5es [&hellip;]<\/p>\n","protected":false},"author":4,"featured_media":21441,"comment_status":"open","ping_status":"open","sticky":false,"template":"","format":"standard","meta":[],"categories":[58],"tags":[],"_links":{"self":[{"href":"https:\/\/luisgustavoleite.com.br\/blog\/wp-json\/wp\/v2\/posts\/21433"}],"collection":[{"href":"https:\/\/luisgustavoleite.com.br\/blog\/wp-json\/wp\/v2\/posts"}],"about":[{"href":"https:\/\/luisgustavoleite.com.br\/blog\/wp-json\/wp\/v2\/types\/post"}],"author":[{"embeddable":true,"href":"https:\/\/luisgustavoleite.com.br\/blog\/wp-json\/wp\/v2\/users\/4"}],"replies":[{"embeddable":true,"href":"https:\/\/luisgustavoleite.com.br\/blog\/wp-json\/wp\/v2\/comments?post=21433"}],"version-history":[{"count":6,"href":"https:\/\/luisgustavoleite.com.br\/blog\/wp-json\/wp\/v2\/posts\/21433\/revisions"}],"predecessor-version":[{"id":21442,"href":"https:\/\/luisgustavoleite.com.br\/blog\/wp-json\/wp\/v2\/posts\/21433\/revisions\/21442"}],"wp:featuredmedia":[{"embeddable":true,"href":"https:\/\/luisgustavoleite.com.br\/blog\/wp-json\/wp\/v2\/media\/21441"}],"wp:attachment":[{"href":"https:\/\/luisgustavoleite.com.br\/blog\/wp-json\/wp\/v2\/media?parent=21433"}],"wp:term":[{"taxonomy":"category","embeddable":true,"href":"https:\/\/luisgustavoleite.com.br\/blog\/wp-json\/wp\/v2\/categories?post=21433"},{"taxonomy":"post_tag","embeddable":true,"href":"https:\/\/luisgustavoleite.com.br\/blog\/wp-json\/wp\/v2\/tags?post=21433"}],"curies":[{"name":"wp","href":"https:\/\/api.w.org\/{rel}","templated":true}]}}