{"id":21605,"date":"2021-06-06T16:08:20","date_gmt":"2021-06-06T19:08:20","guid":{"rendered":"https:\/\/luisgustavoleite.com.br\/blog\/?p=21605"},"modified":"2021-06-06T16:08:22","modified_gmt":"2021-06-06T19:08:22","slug":"faceta-de-porcelana-o-que-e-quando-fazer-e-durabilidade-explicados","status":"publish","type":"post","link":"https:\/\/luisgustavoleite.com.br\/blog\/faceta-de-porcelana-o-que-e-quando-fazer-e-durabilidade-explicados\/","title":{"rendered":"Faceta de porcelana: o que \u00e9, quando fazer e durabilidade explicados."},"content":{"rendered":"\n<p>A faceta de porcelana \u00e9 o tratamento ideal para as corre\u00e7\u00f5es de impacto da cor e forma dos dentes. Saiba o que \u00e9 a faceta de porcelana, quando fazer e qual\u00a0 a sua durabilidade frente a outras t\u00e9cnicas como a lente de contato dental e a faceta de resina.<\/p>\n<p>\u00a0<\/p>\n<p><i><img decoding=\"async\" loading=\"lazy\" class=\"alignleft\" src=\"https:\/\/luisgustavoleite.com.br\/blog\/wp-content\/uploads\/2018\/10\/eu.jpg\" alt=\"\" width=\"70\" height=\"70\" \/><\/i><span style=\"color: #470047;\"><em>Lu\u00eds Gustavo Leite \u00e9 dentista especialista em pr\u00f3teses dent\u00e1rias e especialista em periodontia (gengivas), ambas pela UFRGS, em Porto Alegre.<\/em><\/span><\/p>\n<p>\u00a0<\/p>\n<p>\u00a0<\/p>\n<h2><span style=\"color: #470047;\">Faceta de porcelana, o que \u00e9 isto?<\/span><\/h2>\n<p>\u00a0<\/p>\n<p>Na lista de desejos de muita gente est\u00e3o os tratamentos est\u00e9ticos de transforma\u00e7\u00e3o dos dentes. Populares pelas corre\u00e7\u00f5es marcantes na cor e forma dos dentes, eles s\u00e3o facilmente reconhecidos pela simetria e alinhamento dif\u00edceis de serem encontrados at\u00e9 mesmo nos dentes naturais. E as grandes estrelas deste procedimentos, pra quem ainda n\u00e3o sabe, s\u00e3o as facetas dent\u00e1rias.<\/p>\n<p>\u00a0<\/p>\n<p>A faceta de porcelana \u00e9 uma entre tr\u00eas t\u00e9cnicas com <a href=\"https:\/\/luisgustavoleite.com.br\/blog\/faceta-dentaria\/\" target=\"_blank\" rel=\"noopener\"><span style=\"background-color: #d1e8ff;\">facetas dent\u00e1rias<\/span><\/a> \u2013 as outras duas s\u00e3o a <a href=\"https:\/\/luisgustavoleite.com.br\/blog\/faceta-de-resina-e-faceta-de-porcelana-resultados\/\" target=\"_blank\" rel=\"noopener\"><span style=\"background-color: #d1e8ff;\">faceta de resina<\/span><\/a> e a lente de contato dental. Confeccionada com cer\u00e2micas odontol\u00f3gicas espec\u00edficas, ela tamb\u00e9m pode ser chamada de <a href=\"https:\/\/luisgustavoleite.com.br\/blog\/laminados-ceramicos\/\" target=\"_blank\" rel=\"noopener\"><span style=\"background-color: #d1e8ff;\">laminado cer\u00e2mico<\/span><\/a>, um termo mais preciso pra descrever a sua funcionalidade.<\/p>\n<p>\u00a0<\/p>\n<p>A faceta de porcelana recobre, atrav\u00e9s de uma fina l\u00e2mina, apenas as partes est\u00e9ticas e vis\u00edveis dos dentes. E para isto, ela <a href=\"https:\/\/luisgustavoleite.com.br\/blog\/faceta-de-porcelana-e-segura-mas-desgastes-nos-dentes-requer-atencao\/\" target=\"_blank\" rel=\"noopener\"><span style=\"background-color: #d1e8ff;\">exige desgastes de adapta\u00e7\u00e3o aos dentes<\/span><\/a> para proporcionar espessuras uniformes, essenciais \u00e0s corre\u00e7\u00f5es marcantes na cor e forma dos dentes.<\/p>\n<p>\u00a0<\/p>\n<p>A<a href=\"https:\/\/luisgustavoleite.com.br\/blog\/diferenca-entre-faceta-de-porcelana-e-lente-de-contato-dental\/\" target=\"_blank\" rel=\"noopener\"><span style=\"background-color: #d1e8ff;\"> faceta de porcelana tem como principal diferen\u00e7a da lente de contato dental<\/span><\/a> os desgastes dent\u00e1rios para reduzir e uniformizar a estrutura dent\u00e1ria \u2013 procedimento que, apesar de seguro, \u00e9 irrevers\u00edvel e exige cuidados redobrados &#8211; e muito planejamento para que tudo sai como esperado, sem <a href=\"https:\/\/luisgustavoleite.com.br\/blog\/problemas-com-facetas-em-porcelana\/\" target=\"_blank\" rel=\"noopener\"><span style=\"background-color: #d1e8ff;\">problemas<\/span><\/a> ou contratempos.<\/p>\n<p>\u00a0<\/p>\n<p>\u00a0<\/p>\n<h2><span style=\"color: #470047;\">Quando a faceta de porcelana est\u00e1 indicada \u2013 quando deve ser evitada.<\/span><\/h2>\n<p>\u00a0<\/p>\n<p>Para que a faceta de porcelana seja dur\u00e1vel e traga resultados est\u00e9ticos satisfat\u00f3rios, \u00e9 preciso respeitar suas indica\u00e7\u00f5es. E para que isto se d\u00ea de forma precisa, \u00e9 preciso unir as avalia\u00e7\u00f5es cl\u00ednicas e radiogr\u00e1ficas dos dentes e da arcada dent\u00e1ria com os desejos e expectativas est\u00e9ticas do paciente candidato ao tratamento.<\/p>\n<p>\u00a0<\/p>\n<p>Em primeiro lugar, \u00e9 preciso ter em mente que a faceta de porcelana \u00e9 sempre uma alternativa \u00e0 lente de contato dental quando esta n\u00e3o pode ser utilizada. A raz\u00e3o para isto \u00e9 mesmo a presen\u00e7a dos desgastes dent\u00e1rios que sua t\u00e9cnica exige, algo que, apesar de seguro, deve ser evitado sempre que poss\u00edvel \u2013 a irreversibilidade \u00e9 sua maior desvantagem frente a outras t\u00e9cnicas com facetas dent\u00e1rias.<\/p>\n<p>\u00a0<\/p>\n<p>A discuss\u00e3o sobre as <a href=\"https:\/\/luisgustavoleite.com.br\/blog\/faceta-em-porcelana\/\" target=\"_blank\" rel=\"noopener\"><span style=\"background-color: #d1e8ff;\">vantagens e desvantagens das facetas de porcelana<\/span><\/a> deve ser feita ap\u00f3s os exames cl\u00ednicos e radiogr\u00e1ficos e as simula\u00e7\u00f5es est\u00e9ticas do tratamento, sejam elas fotogr\u00e1ficas ou realizadas diretamente sobre os dentes.<\/p>\n<p>\u00a0<\/p>\n<p>\u00a0<\/p>\n<h3><span style=\"color: #470047;\">Quando fazer: as indica\u00e7\u00f5es da faceta de porcelana.<\/span><\/h3>\n<p>\u00a0<\/p>\n<p><span style=\"color: #470047;\">\u2713<\/span> dentes severamente escurecidos ap\u00f3s falhas no tratamento de canal;<\/p>\n<p><span style=\"color: #470047;\">\u2713<\/span> dentes moderadamente <a href=\"https:\/\/luisgustavoleite.com.br\/blog\/facetas-dentes-tortos-e-inclinados\/\" target=\"_blank\" rel=\"noopener\"><span style=\"background-color: #d1e8ff;\">tortos, girados e apinhados<\/span><\/a>;<\/p>\n<p><span style=\"color: #470047;\">\u2713<\/span> dentes com muitas restaura\u00e7\u00f5es dent\u00e1rias em resina;<\/p>\n<p><span style=\"color: #470047;\">\u2713<\/span> desgastes dent\u00e1rio moderado por <a href=\"https:\/\/luisgustavoleite.com.br\/blog\/bruxismo\/\" target=\"_blank\" rel=\"noopener\"><span style=\"background-color: #d1e8ff;\">bruxismo<\/span><\/a>;<\/p>\n<p><span style=\"color: #470047;\">\u2713<\/span> transforma\u00e7\u00f5es de impacto na cor e forma dos dentes.<\/p>\n<p>\u00a0<\/p>\n<h3><span style=\"color: #470047;\">Quando n\u00e3o fazer: as contraindica\u00e7\u00f5es da faceta de porcelana.<\/span><\/h3>\n<p>\u00a0<\/p>\n<p><span style=\"color: #470047;\">\u2713<\/span> dentes severamente desgastados pelo bruxismo;<\/p>\n<p><span style=\"color: #470047;\">\u2713<\/span> dentes severamente tortos e desalinhados;<\/p>\n<p><span style=\"color: #470047;\">\u2713<\/span> pequenas corre\u00e7\u00f5es de cor e forma.<\/p>\n<p>\u00a0<\/p>\n<p>\u00a0<\/p>\n<h2><span style=\"color: #470047;\">Durabilidade da faceta de porcelana.<\/span><\/h2>\n<p>\u00a0<\/p>\n<p>Uma das quest\u00f5es mais importantes com rela\u00e7\u00e3o aos tratamentos com facetas dent\u00e1rias laminadas \u00e9 a durabilidade. Afinal, <a href=\"https:\/\/luisgustavoleite.com.br\/blog\/faceta-em-porcelana-durabilidade\/\" target=\"_blank\" rel=\"noopener\"><span style=\"background-color: #d1e8ff;\">quanto tempo dura a faceta de porcelana at\u00e9 ter que troc\u00e1-la novamente<\/span><\/a>? E comparada \u00e0s facetas de resina e lente de contato dental, qual delas \u00e9 a mais indicada?<\/p>\n<p>\u00a0<\/p>\n<p>Ainda hoje, s\u00e3o poucas as pesquisas cient\u00edficas sobre a durabilidade das facetas de porcelana. A mais conhecidas delas, que fez um estudo com mais de 700 facetas dent\u00e1rias instaladas com t\u00e9cnicas e indica\u00e7\u00f5es corretas, apontam que, passados 10 anos da colagem, aproximadamente 95% ainda encontram-se em \u00f3timos estados de adapta\u00e7\u00e3o e manuten\u00e7\u00e3o do brilho e cor. Um resultado excelente e que reflete o que observamos com os pacientes nos consult\u00f3rios privados.<\/p>\n<p>\u00a0<\/p>\n<p>Apesar dos resultados animadores com rela\u00e7\u00e3o ao tempo de vida prolongado das facetas de porcelana, \u00e9 preciso saber que sua durabilidade depende de fatores como a qualidade do material utilizado, a indica\u00e7\u00e3o correta da t\u00e9cnica e os cuidados efetuados pelo paciente ao longo do tempo. E, para entender um pouco melhor sobre isto, analisaremos cada um deles.<\/p>\n<p>\u00a0<\/p>\n<p>\u00a0<\/p>\n<h3><span style=\"color: #470047;\">Qualidade da porcelana utilizada na confec\u00e7\u00e3o<\/span><\/h3>\n<p>Ao contr\u00e1rio do que se imagina, existem v\u00e1rios tipos de cer\u00e2micas dispon\u00edveis para a confec\u00e7\u00e3o de facetas e <a href=\"https:\/\/luisgustavoleite.com.br\/blog\/lente-de-contato-dental-com-e-o-tratamento\/\" target=\"_blank\" rel=\"noopener\"><span style=\"background-color: #d1e8ff;\">lentes de contato dental<\/span><\/a>. Al\u00e9m disso, tamb\u00e9m existem as diferen\u00e7as de qualidade resultantes das diferen\u00e7as entre os fabricantes. Tudo isso, acrescentado \u00e0s diferen\u00e7as de t\u00e9cnicas para confec\u00e7\u00e3o, implicam diretamente na quest\u00e3o sobre quanto tempo dura a faceta de porcelana.<\/p>\n<p>\u00a0<\/p>\n<h3><span style=\"color: #470047;\">Indica\u00e7\u00e3o correta da t\u00e9cnica<\/span><\/h3>\n<p>A faceta de porcelana n\u00e3o pode ser indicada para todos os casos. Exemplo disto \u00e9 a recupera\u00e7\u00e3o de dentes severamente desgastados pelo bruxismo, uma condi\u00e7\u00e3o favor\u00e1vel \u00e0 fraturas de facetas dent\u00e1rias de qualquer tipo e que \u00e9 melhor indicada para a t\u00e9cnica com <a href=\"https:\/\/luisgustavoleite.com.br\/blog\/coroa-em-porcelana-pura-pros-e-contras\/\" target=\"_blank\" rel=\"noopener\"><span style=\"background-color: #d1e8ff;\">coroa em cer\u00e2mica pura<\/span><\/a>.<\/p>\n<p>\u00a0<\/p>\n<h3><span style=\"color: #470047;\">Cuidados<\/span><\/h3>\n<p>Ap\u00f3s instaladas, as facetas de porcelana exigem cuidados para assegurar seu longo tempo de vida. Al\u00e9m dos cuidados com a higieniza\u00e7\u00e3o oral di\u00e1ria, o uso sistem\u00e1tico da placa de bruxismo, quando recomendada, a elimina\u00e7\u00e3o de h\u00e1bitos nocivos como mastigar canetas e roer unhas e a ado\u00e7\u00e3o de dieta livre de alimentos \u00e1cidos, como vinagres e sucos concentrados, s\u00e3o essenciais para aumentar o tempo de vida de facetas dent\u00e1rias e lentes de contato dental.<\/p>\n<p>\u00a0<\/p>\n","protected":false},"excerpt":{"rendered":"<p>A faceta de porcelana \u00e9 o tratamento ideal para as corre\u00e7\u00f5es de impacto da cor e forma dos dentes. Saiba o que \u00e9 a faceta de porcelana, quando fazer e qual\u00a0 a sua durabilidade frente a outras t\u00e9cnicas como a lente de contato dental e a faceta de resina. \u00a0 Lu\u00eds Gustavo Leite \u00e9 dentista [&hellip;]<\/p>\n","protected":false},"author":4,"featured_media":21613,"comment_status":"open","ping_status":"open","sticky":false,"template":"","format":"standard","meta":[],"categories":[1],"tags":[],"_links":{"self":[{"href":"https:\/\/luisgustavoleite.com.br\/blog\/wp-json\/wp\/v2\/posts\/21605"}],"collection":[{"href":"https:\/\/luisgustavoleite.com.br\/blog\/wp-json\/wp\/v2\/posts"}],"about":[{"href":"https:\/\/luisgustavoleite.com.br\/blog\/wp-json\/wp\/v2\/types\/post"}],"author":[{"embeddable":true,"href":"https:\/\/luisgustavoleite.com.br\/blog\/wp-json\/wp\/v2\/users\/4"}],"replies":[{"embeddable":true,"href":"https:\/\/luisgustavoleite.com.br\/blog\/wp-json\/wp\/v2\/comments?post=21605"}],"version-history":[{"count":7,"href":"https:\/\/luisgustavoleite.com.br\/blog\/wp-json\/wp\/v2\/posts\/21605\/revisions"}],"predecessor-version":[{"id":21612,"href":"https:\/\/luisgustavoleite.com.br\/blog\/wp-json\/wp\/v2\/posts\/21605\/revisions\/21612"}],"wp:featuredmedia":[{"embeddable":true,"href":"https:\/\/luisgustavoleite.com.br\/blog\/wp-json\/wp\/v2\/media\/21613"}],"wp:attachment":[{"href":"https:\/\/luisgustavoleite.com.br\/blog\/wp-json\/wp\/v2\/media?parent=21605"}],"wp:term":[{"taxonomy":"category","embeddable":true,"href":"https:\/\/luisgustavoleite.com.br\/blog\/wp-json\/wp\/v2\/categories?post=21605"},{"taxonomy":"post_tag","embeddable":true,"href":"https:\/\/luisgustavoleite.com.br\/blog\/wp-json\/wp\/v2\/tags?post=21605"}],"curies":[{"name":"wp","href":"https:\/\/api.w.org\/{rel}","templated":true}]}}