{"id":21713,"date":"2021-08-15T18:39:28","date_gmt":"2021-08-15T21:39:28","guid":{"rendered":"https:\/\/luisgustavoleite.com.br\/blog\/?p=21713"},"modified":"2021-09-19T10:55:23","modified_gmt":"2021-09-19T13:55:23","slug":"faceta-de-porcelana-mal-confeccionada-pode-causar-retracao-gengival","status":"publish","type":"post","link":"https:\/\/luisgustavoleite.com.br\/blog\/faceta-de-porcelana-mal-confeccionada-pode-causar-retracao-gengival\/","title":{"rendered":"Faceta de porcelana mal confeccionada pode causar retra\u00e7\u00e3o gengival."},"content":{"rendered":"<p>As facetas de porcelana podem estar por tr\u00e1s da retra\u00e7\u00e3o gengival e das gengivas inchadas e inflamadas. Veja como \u00e9 o tratamento, a recupera\u00e7\u00e3o e a preven\u00e7\u00e3o das gengivas retra\u00eddas que aparecem como resultado de facetas dent\u00e1rias mal adaptadas.<\/p>\n<p>&nbsp;<\/p>\n<p><i><img decoding=\"async\" loading=\"lazy\" class=\"alignleft\" src=\"https:\/\/luisgustavoleite.com.br\/blog\/wp-content\/uploads\/2018\/10\/eu.jpg\" alt=\"\" width=\"70\" height=\"70\" \/><span style=\"color: #470047;\">Lu\u00eds Gustavo Leite \u00e9 dentista especialista em\u00a0facetas de porcelana (pr\u00f3teses dent\u00e1rias) e especialista em gengivas (periodontia), ambas pela UFRGS, em Porto Alegre.<\/span><\/i><\/p>\n<p>&nbsp;<\/p>\n<p>&nbsp;<\/p>\n<h2><span style=\"color: #470047;\">Faceta de porcelana, a t\u00e9cnica perfeita para transforma\u00e7\u00f5es de impacto.<\/span><\/h2>\n<p>&nbsp;<\/p>\n<p>Nenhum outro tratamento est\u00e9tico em odontologia \u00e9 t\u00e3o popular quanto a faceta de porcelana. Por tr\u00e1s da maioria das <a href=\"https:\/\/luisgustavoleite.com.br\/blog\/dentes-e-sorriso-de-artistas-e-modelos\/\" target=\"_blank\" rel=\"noopener\"><span style=\"background-color: #cfe7ff;\">transforma\u00e7\u00f5es de impacto do sorriso de artistas e famosos<\/span><\/a>, \u00e9 ela quem permite as corre\u00e7\u00f5es mais marcantes na cor e forma dos dentes, proporcionando cores e alinhamentos de dentes at\u00e9 mesmo imposs\u00edveis de serem encontrados em dentes naturais.<\/p>\n<p>&nbsp;<\/p>\n<p>Para que a <a href=\"https:\/\/luisgustavoleite.com.br\/blog\/faceta-de-porcelana-o-que-e-quando-fazer-e-durabilidade-explicados\/\" target=\"_blank\" rel=\"noopener\"><span style=\"background-color: #cfe7ff;\">faceta de porcelana<\/span><\/a> entregue tudo o que promete, ela precisa revestir toda a superf\u00edcie est\u00e9tica e vis\u00edvel dos dentes. Ao contr\u00e1rio da <span style=\"background-color: #cfe7ff;\"><a style=\"background-color: #cfe7ff;\" href=\"https:\/\/luisgustavoleite.com.br\/blog\/lente-de-contato-dental-com-e-o-tratamento\/\" target=\"_blank\" rel=\"noopener\">lente de contato dental<\/a> <\/span>e da <a href=\"https:\/\/luisgustavoleite.com.br\/blog\/faceta-de-resina-o-que-e-quem-pode-fazer-e-o-que-da-para-corrigir-com-ela\/\" target=\"_blank\" rel=\"noopener\"><span style=\"background-color: #cfe7ff;\">faceta de resina<\/span><\/a>, que n\u00e3o exigem desgastes nos dentes, ela requer redu\u00e7\u00f5es na estrutura dos dentes que, quando colocadas de forma inadequada junto \u00e0s gengivas, podem dar in\u00edcio a problema e contratempos &#8211; e muitas noites mal dormidas.<\/p>\n<p>&nbsp;<\/p>\n<p>&nbsp;<\/p>\n<h2><span style=\"color: #470047;\">A posi\u00e7\u00e3o correta da faceta de porcelana junto \u00e0s gengivas.<\/span><\/h2>\n<p>&nbsp;<\/p>\n<p>Posicionar corretamente as facetas de porcelana junto \u00e0s gengivas \u00e9, provavelmente, a parte mais delicada do tratamento. Erros nesta etapa costumam trazer problemas como defeitos est\u00e9ticos, \u00e1reas de reten\u00e7\u00e3o de placa bacteriana, <a href=\"https:\/\/luisgustavoleite.com.br\/blog\/infiltracao-e-carie-em-coroa-dentaria\/\" target=\"_blank\" rel=\"noopener\"><span style=\"background-color: #cfe7ff;\">infiltra\u00e7\u00f5es por c\u00e1rie dent\u00e1ria<\/span><\/a>, inflama\u00e7\u00f5es e retra\u00e7\u00e3o nas gengivas. N\u00e3o \u00e0 toa, \u00e9 a etapa que mais exige tempo de execu\u00e7\u00e3o cl\u00ednica.<\/p>\n<p>&nbsp;<\/p>\n<p>Para resultados est\u00e9ticos impec\u00e1veis, as bordas da faceta de porcelana precisam localizar-se levemente abaixo das gengivas. Esta \u00e9 a regi\u00e3o chamada de sulco gengival, que na maioria das pessoas possui 2 mil\u00edmetros de profundidade. O recomendado \u00e9 que as <span style=\"background-color: #cfe7ff;\"><a style=\"background-color: #cfe7ff;\" href=\"https:\/\/luisgustavoleite.com.br\/blog\/faceta-dentaria\/\" target=\"_blank\" rel=\"noopener\">facetas dent\u00e1rias<\/a><\/span> avancem apenas os primeiros 0,2 mil\u00edmetros deste espa\u00e7o.<span class=\"Apple-converted-space\">\u00a0<\/span><\/p>\n<p>&nbsp;<\/p>\n<p>Alguns dentistas, no intuito de evitar problemas em gengivas, optam por n\u00e3o posicionar as bordas das facetas dent\u00e1rias abaixo das gengivas. Al\u00e9m de evitar complica\u00e7\u00f5es, este op\u00e7\u00e3o n\u00e3o reduz a qualidade dos resultados est\u00e9ticos nos tratamentos com <a href=\"https:\/\/luisgustavoleite.com.br\/blog\/laminados-ceramicos\/\" target=\"_blank\" rel=\"noopener\"><span style=\"background-color: #cfe7ff;\">laminados cer\u00e2micos<\/span><\/a> &#8211; nome correto das t\u00e9cnicas com faceta de porcelana e lente de contato dental.<\/p>\n<p>&nbsp;<\/p>\n<p>&nbsp;<\/p>\n<h2><span style=\"color: #470047;\">Gengiva inflamada e sangramento gengival junto \u00e0 faceta de porcelana.<\/span><\/h2>\n<p>&nbsp;<\/p>\n<p>Os sinais e sintomas mais comuns da <a href=\"https:\/\/luisgustavoleite.com.br\/blog\/gengiva-inflamada\/\" target=\"_blank\" rel=\"noopener\"><span style=\"background-color: #cfe7ff;\">inflama\u00e7\u00e3o gengival<\/span><\/a> s\u00e3o o incha\u00e7o (edema), a vermelhid\u00e3o e o <a href=\"https:\/\/luisgustavoleite.com.br\/blog\/sangramento-gengival-e-retracao-da-gengiva\/\" target=\"_blank\" rel=\"noopener\"><span style=\"background-color: #cfe7ff;\">sangramento gengival<\/span><\/a>. Nem sempre, entretanto, eles est\u00e3o todos presentes ao mesmo tempo. Em muitos casos, as gengivas mostram-se apenas avermelhadas.<\/p>\n<p>&nbsp;<\/p>\n<p>No paciente cujas facetas de porcelana apresentam falhas no posicionamento e adapta\u00e7\u00e3o das suas bordas, o mais comum \u00e9 ver as gengivas inchadas e avermelhadas. O sangramento gengival, por sua vez, aparece mais frequentemente apenas durante a escova\u00e7\u00e3o e uso do <a href=\"https:\/\/luisgustavoleite.com.br\/blog\/retracao-gengival-pode-ter-como-causa-o-fio-dental-usado-incorretamente\/\" target=\"_blank\" rel=\"noopener\"><span style=\"background-color: #cfe7ff;\">fio dental<\/span><\/a>.<\/p>\n<p>&nbsp;<\/p>\n<p>&nbsp;<\/p>\n<h2><span style=\"color: #470047;\">Como a faceta de porcelana pode causar a retra\u00e7\u00e3o gengival.<\/span><\/h2>\n<p>&nbsp;<\/p>\n<p>S\u00e3o duas as formas como as facetas de porcelana podem causar a retra\u00e7\u00e3o gengival. A mais comum \u00e9 quando suas bordas s\u00e3o instaladas muito internamente ao sulco gengival, dando origem a inflama\u00e7\u00f5es adaptativas que buscam recuperar e reconstruir uma dist\u00e2ncia biologicamente compat\u00edvel com sa\u00fade.<\/p>\n<p>&nbsp;<\/p>\n<p>A outra forma \u00e9 quando as bordas s\u00e3o excessivamente espessas ou est\u00e3o mal adaptadas aos dentes. Como resultado, aparecem \u00e1reas de reten\u00e7\u00e3o de placa bacteriana, dif\u00edceis de serem removidas durante a higieniza\u00e7\u00e3o dos dentes &#8211; o que s\u00f3 favorece a instala\u00e7\u00e3o da <a href=\"https:\/\/luisgustavoleite.com.br\/blog\/periodontite\/\" target=\"_blank\" rel=\"noopener\"><span style=\"background-color: #cfe7ff;\">periodontite<\/span><\/a>, uma infe\u00e7\u00e3o gengival que est\u00e1 por tr\u00e1s da maioria das <a href=\"https:\/\/luisgustavoleite.com.br\/blog\/gengiva-retraida\/\" target=\"_blank\" rel=\"noopener\"><span style=\"background-color: #cfe7ff;\">gengivas retra\u00eddas<\/span><\/a> e perdas dent\u00e1rias.<\/p>\n<p>&nbsp;<\/p>\n<p>&nbsp;<\/p>\n<h2><span style=\"color: #470047;\">Como diferenciar a inflama\u00e7\u00e3o gengival causada por gengivite da inflama\u00e7\u00e3o causada por bordas defeituosas de facetas dent\u00e1rias.<\/span><\/h2>\n<p>&nbsp;<\/p>\n<p>Pode ser at\u00e9 mesmo dif\u00edcil ao periodontista, em uma \u00fanica consulta, identificar a causa do incha\u00e7o e da inflama\u00e7\u00e3o das gengivas junto \u00e0 faceta de porcelana. Muitas vezes, o ac\u00famulo de placa bacteriana junto \u00e0s bordas gengivais, que \u00e9 a causa da gengivite e da periodontite, tamb\u00e9m est\u00e1 presente nos casos em que \u00e9 mesmo o posicionamento inadequado do laminado cer\u00e2mico o motivo para as inflama\u00e7\u00f5es e <a href=\"https:\/\/luisgustavoleite.com.br\/blog\/retracao-gengival-o-que-e-causas-e-tratamento-super-explicados\/\" target=\"_blank\" rel=\"noopener\"><span style=\"background-color: #cfe7ff;\">retra\u00e7\u00e3o gengival<\/span><\/a>.<\/p>\n<p>&nbsp;<\/p>\n<p>O diagn\u00f3stico preciso da causa das inflama\u00e7\u00f5es gengivais requer, na maioria das vezes, tratamento gengival seguido de alguma semanas para que a remiss\u00e3o dos sinais inflamat\u00f3rios possam ser percebidos.<\/p>\n<p>&nbsp;<\/p>\n<p>Adicional ao tratamento da gengiva, pode ser preciso anestesiar e medir as dist\u00e2ncias das bordas das facetas dent\u00e1rias at\u00e9 a margem \u00f3ssea. Esta, que \u00e9 a maneira mais eficaz para identificar erros de posicionamento das facetas de porcelana, \u00e9 indicada quando o tratamento gengival n\u00e3o resulta na elimina\u00e7\u00e3o do sangramento, vermelhid\u00e3o e incha\u00e7o das gengivas.<\/p>\n<p>&nbsp;<\/p>\n<p>Os exames tomogr\u00e1ficos tamb\u00e9m s\u00e3o auxiliares importantes, mas n\u00e3o imprescind\u00edveis. Tudo depende do caso, cujas varia\u00e7\u00f5es de paciente para paciente exigem investiga\u00e7\u00f5es profundas para evitar a manuten\u00e7\u00e3o da inflama\u00e7\u00e3o tecidual e riscos para a retra\u00e7\u00e3o gengival e at\u00e9 mesmo <a href=\"https:\/\/luisgustavoleite.com.br\/blog\/raiz-dentaria-exposta\/\" target=\"_blank\" rel=\"noopener\"><span style=\"background-color: #cfe7ff;\">exposi\u00e7\u00e3o precoce das ra\u00edzes dent\u00e1rias<\/span><\/a>.<\/p>\n<p>&nbsp;<\/p>\n<p>&nbsp;<\/p>\n<h2><span style=\"color: #470047;\">Tratamento da retra\u00e7\u00e3o gengival causada por faceta de porcelana.<\/span><\/h2>\n<p>&nbsp;<\/p>\n<p>A retra\u00e7\u00e3o gengival, quando causada por faceta de porcelana, n\u00e3o evolui infinitamente at\u00e9 a perda do dente. A l\u00f3gica para isto \u00e9 que, quando as gengivas est\u00e3o distantes das bordas defeituosas das facetas dent\u00e1rias, elas encerram o processo inflamat\u00f3rio de adapta\u00e7\u00e3o &#8211; mas, obviamente, n\u00e3o d\u00e1 pra ficar com as gengivas inflamadas e sangrando at\u00e9 que tudo se normalize sozinho.<\/p>\n<p>&nbsp;<\/p>\n<p>O tratamento das gengivas inflamadas junto \u00e0 facetas de porcelana quase sempre exige a remo\u00e7\u00e3o da faceta dent\u00e1ria. E quando o problema s\u00e3o as bordas excessivamente grossas, os procedimentos para redu\u00e7\u00e3o via desgastes com brocas frequentemente resultam em superf\u00edcies \u00e1speras e sem brilho.<\/p>\n<p>&nbsp;<\/p>\n<p>J\u00e1 quando a causa s\u00e3o as bordas instaladas muito internamente ao sulco gengival, a remo\u00e7\u00e3o da faceta de porcelana \u00e9 mais do que necess\u00e1ria. Isto porque, em muitos casos, o processo inflamat\u00f3rio resultante da aproxima\u00e7\u00e3o n\u00e3o biol\u00f3gica pode perdurar por muitos anos &#8211; mantendo as gengivas sempre avermelhadas e sangrantes.<span class=\"Apple-converted-space\">\u00a0<\/span><\/p>\n<p>&nbsp;<\/p>\n<p>&nbsp;<\/p>\n<h2><span style=\"color: #470047;\">Cirurgia gengival pode ser utilizada em algumas situa\u00e7\u00f5es.<\/span><\/h2>\n<p>&nbsp;<\/p>\n<p>A <a href=\"https:\/\/luisgustavoleite.com.br\/blog\/retracao-gengival-tratamento-e-cirurgia-2\/\" target=\"_blank\" rel=\"noopener\"><span style=\"background-color: #cfe7ff;\">cirurgia gengival<\/span><\/a> utilizada para reconstruir um formato mais compat\u00edvel com as facetas de porcelana pode, em alguns casos, evitar a substitui\u00e7\u00e3o destas. Neste tratamento, o recorte das gengivas e do osso pode reconstituir o espa\u00e7o biol\u00f3gico necess\u00e1rio para manuten\u00e7\u00e3o da sa\u00fade das gengivas.<\/p>\n<p>&nbsp;<\/p>\n<p>Apesar de eficiente, existem alguns problemas que podem aparecer ap\u00f3s a cirurgia gengival. A primeira delas \u00e9 o risco para o aparecimento, ap\u00f3s a cicatriza\u00e7\u00e3o tecidual, da exposi\u00e7\u00e3o das ra\u00edzes dos dentes &#8211; o que, al\u00e9m dos danos est\u00e9ticos, podem causar <a href=\"https:\/\/luisgustavoleite.com.br\/blog\/retracao-gengival-dor-e-sensibilidade-dos-dentes\/\" target=\"_blank\" rel=\"noopener\"><span style=\"background-color: #cfe7ff;\">sensibilidade e dor<\/span> <\/a>durante a ingest\u00e3o de alimentos frios, doces e \u00e1cidos.<\/p>\n<p>&nbsp;<\/p>\n<p>Outro problema decorrente da cirurgia gengival para tratar gengivas inchadas e inflamadas junto \u00e0 faceta de porcelana tamb\u00e9m \u00e9 est\u00e9tico. O motivo \u00e9 mesmo o aumento final do comprimento dos dentes, que pode resultar na perda de harmonia e naturalidade do sorriso.<\/p>\n<p>&nbsp;<\/p>\n<p>&nbsp;<\/p>\n<h2><span style=\"color: #470047;\">Lentes de contato dental n\u00e3o est\u00e3o livres de problemas em gengivas.<\/span><\/h2>\n<p>&nbsp;<\/p>\n<p>As lentes de contato dental tamb\u00e9m podem ser a causa para gengivas inchadas e inflamadas. Erros no posicionamento de suas bordas tamb\u00e9m podem resultar no dificuldade para remo\u00e7\u00e3o da placa bacteriana, o que pode, mais \u00e0 frente, dar origem \u00e0 gengivite, periodontite e retra\u00e7\u00e3o gengival.<\/p>\n<p>&nbsp;<\/p>\n<p>A remo\u00e7\u00e3o das lentes de contato dental defeituosas \u00e9 frequentemente parte do tratamento de preven\u00e7\u00e3o da retra\u00e7\u00e3o gengival. Mais simples que na t\u00e9cnica com faceta de porcelana, esta t\u00e9cnica com laminado cer\u00e2mico tem caracter\u00edsticas de reversibilidade que fazem dela o procedimento ideal para transforma\u00e7\u00f5es da cor e forma dos dentes.<\/p>\n<p>&nbsp;<\/p>\n<p>&nbsp;<\/p>\n<h2><span style=\"color: #470047;\">Facetas de porcelana corretamente instaladas n\u00e3o causam problemas \u00e0s gengivas.<\/span><\/h2>\n<p>&nbsp;<\/p>\n<p>Problemas em gengivas junto a facetas de porcelana s\u00e3o raros e s\u00e3o decorrentes de falhas na adapta\u00e7\u00e3o e posicionamento das bordas destes dispositivos. Quando corretamente instaladas, al\u00e9m de compat\u00edveis com a sa\u00fade das gengivas, elas n\u00e3o ret\u00e9m placa bacteriana ou trazem riscos para infiltra\u00e7\u00e3o por c\u00e1rie dent\u00e1ria.<\/p>\n<p>&nbsp;<\/p>\n<p>Existem diversos procedimentos que garantem o correto posicionamento das bordas das facetas dent\u00e1rias junto \u00e0s gengivas. F\u00e1ceis de serem utilizados, trazem seguran\u00e7a e tranquilidade \u00e0s corre\u00e7\u00f5es da cor e forma dos dentes com t\u00e9cnica com laminados cer\u00e2micos como lentes de contato dental, facetas de porcelana ou mesmo resinas.<\/p>\n<p>&nbsp;<\/p>\n<p>&nbsp;<\/p>\n<h2><span style=\"color: #470047;\">Cuidados e preven\u00e7\u00e3o da retra\u00e7\u00e3o gengival junto \u00e0s facetas dent\u00e1rias.<\/span><\/h2>\n<p>&nbsp;<\/p>\n<p>Prevenir o aparecimento de gengivas retra\u00eddas junto \u00e0 faceta de porcelana ou lente de contato dental pode exigir cuidados adicionais. Al\u00e9m da escova de dente e fio dental, outros instrumentos de higiene oral, como a escova interdental ou a escova unitufo, podem auxiliar na remo\u00e7\u00e3o da placa bacteriana junto \u00e0s bordas das facetas dent\u00e1rias.<\/p>\n","protected":false},"excerpt":{"rendered":"<p>As facetas de porcelana podem estar por tr\u00e1s da retra\u00e7\u00e3o gengival e das gengivas inchadas e inflamadas. Veja como \u00e9 o tratamento, a recupera\u00e7\u00e3o e a preven\u00e7\u00e3o das gengivas retra\u00eddas que aparecem como resultado de facetas dent\u00e1rias mal adaptadas. &nbsp; Lu\u00eds Gustavo Leite \u00e9 dentista especialista em\u00a0facetas de porcelana (pr\u00f3teses dent\u00e1rias) e especialista em gengivas [&hellip;]<\/p>\n","protected":false},"author":4,"featured_media":21718,"comment_status":"closed","ping_status":"open","sticky":false,"template":"","format":"standard","meta":[],"categories":[1],"tags":[],"_links":{"self":[{"href":"https:\/\/luisgustavoleite.com.br\/blog\/wp-json\/wp\/v2\/posts\/21713"}],"collection":[{"href":"https:\/\/luisgustavoleite.com.br\/blog\/wp-json\/wp\/v2\/posts"}],"about":[{"href":"https:\/\/luisgustavoleite.com.br\/blog\/wp-json\/wp\/v2\/types\/post"}],"author":[{"embeddable":true,"href":"https:\/\/luisgustavoleite.com.br\/blog\/wp-json\/wp\/v2\/users\/4"}],"replies":[{"embeddable":true,"href":"https:\/\/luisgustavoleite.com.br\/blog\/wp-json\/wp\/v2\/comments?post=21713"}],"version-history":[{"count":4,"href":"https:\/\/luisgustavoleite.com.br\/blog\/wp-json\/wp\/v2\/posts\/21713\/revisions"}],"predecessor-version":[{"id":21717,"href":"https:\/\/luisgustavoleite.com.br\/blog\/wp-json\/wp\/v2\/posts\/21713\/revisions\/21717"}],"wp:featuredmedia":[{"embeddable":true,"href":"https:\/\/luisgustavoleite.com.br\/blog\/wp-json\/wp\/v2\/media\/21718"}],"wp:attachment":[{"href":"https:\/\/luisgustavoleite.com.br\/blog\/wp-json\/wp\/v2\/media?parent=21713"}],"wp:term":[{"taxonomy":"category","embeddable":true,"href":"https:\/\/luisgustavoleite.com.br\/blog\/wp-json\/wp\/v2\/categories?post=21713"},{"taxonomy":"post_tag","embeddable":true,"href":"https:\/\/luisgustavoleite.com.br\/blog\/wp-json\/wp\/v2\/tags?post=21713"}],"curies":[{"name":"wp","href":"https:\/\/api.w.org\/{rel}","templated":true}]}}