{"id":21914,"date":"2022-04-24T13:59:02","date_gmt":"2022-04-24T16:59:02","guid":{"rendered":"https:\/\/luisgustavoleite.com.br\/blog\/?p=21914"},"modified":"2022-04-24T13:59:03","modified_gmt":"2022-04-24T16:59:03","slug":"gengiva-retraida-nao-volta-ao-normal","status":"publish","type":"post","link":"https:\/\/luisgustavoleite.com.br\/blog\/gengiva-retraida-nao-volta-ao-normal\/","title":{"rendered":"Gengiva retra\u00edda: por que ela n\u00e3o volta ao normal com o tempo?"},"content":{"rendered":"\n<p>A gengiva retra\u00edda n\u00e3o volta ao normal com o tempo. Veja as causas, o tratamento para prevenir o seu avan\u00e7o e a cirurgia para recuperar a retra\u00e7\u00e3o gengival.<\/p>\n<p>\u00a0<\/p>\n<p><i><img decoding=\"async\" loading=\"lazy\" class=\"alignleft\" src=\"https:\/\/luisgustavoleite.com.br\/blog\/wp-content\/uploads\/2018\/10\/eu.jpg\" alt=\"\" width=\"70\" height=\"70\" \/><span style=\"color: #470047;\">Lu\u00eds Gustavo Leite \u00e9 dentista especialista em gengivas (periodontia) e pr\u00f3teses dent\u00e1rias em Porto Alegre.<\/span><\/i><\/p>\n<p>\u00a0<\/p>\n<p>\u00a0<\/p>\n<h2><span style=\"color: #470047;\">Gengiva retra\u00edda, o que \u00e9?<\/span><\/h2>\n<p>\u00a0<\/p>\n<p>A preocupa\u00e7\u00e3o com a sa\u00fade e est\u00e9tica de gengivas vem lotando as salas de esperas dos consult\u00f3rios dent\u00e1rios. E olha que n\u00e3o \u00e9 de hoje. Procedimentos simples, como a <a href=\"https:\/\/luisgustavoleite.com.br\/blog\/gengivoplastia-o-que-e-quem-pode-fazer-e-como-e-a-cirurgia\/\" target=\"_blank\" rel=\"noopener\"><span style=\"color: #85c2ff;\">gengivoplastia<\/span><\/a> utilizada para <a href=\"https:\/\/luisgustavoleite.com.br\/blog\/gengivoplastia-passo-a-passo\/\" target=\"_blank\" rel=\"noopener\"><span style=\"color: #85c2ff;\">alinhar gengivas<\/span><\/a>, ou complexos, como os enxertos de gengivas, s\u00e3o t\u00e3o comuns como o <a href=\"https:\/\/luisgustavoleite.com.br\/blog\/clareamento-dental-tipos\/\" target=\"_blank\" rel=\"noopener\"><span style=\"color: #85c2ff;\">clareamento dental<\/span> <\/a>ou limpeza dos dentes.<\/p>\n<p>\u00a0<\/p>\n<p>Entre as preocupa\u00e7\u00f5es, o tratamento e recupera\u00e7\u00e3o das <a href=\"https:\/\/luisgustavoleite.com.br\/blog\/gengiva-retraida\/\" target=\"_blank\" rel=\"noopener\"><span style=\"color: #85c2ff;\">gengivas retra\u00eddas<\/span><\/a> \u00e9 o que mais chama a aten\u00e7\u00e3o. E com raz\u00e3o, j\u00e1 que al\u00e9m dos danos est\u00e9ticos ao sorriso e outros problemas como a <a href=\"https:\/\/luisgustavoleite.com.br\/blog\/retracao-gengival-dor-e-sensibilidade-dos-dentes\/\" target=\"_blank\" rel=\"noopener\"><span style=\"color: #85c2ff;\">sensibilidade dental<\/span><\/a>, a retra\u00e7\u00e3o gengival pode evoluir at\u00e9 a perda dos dentes. Mas, afinal, o que \u00e9 a gengiva retra\u00edda?<\/p>\n<p>\u00a0<\/p>\n<p>A gengiva retra\u00edda, ou <a href=\"https:\/\/luisgustavoleite.com.br\/blog\/retracao-gengival-o-que-e-causas-e-tratamento-super-explicados\/\" target=\"_blank\" rel=\"noopener\"><span style=\"color: #85c2ff;\">retra\u00e7\u00e3o gengival <\/span><\/a>como tamb\u00e9m \u00e9 conhecida, \u00e9 uma sequela da destrui\u00e7\u00e3o do osso que circunda as ra\u00edzes dos dentes. Conforme este osso vai sendo destru\u00eddo, independente da causa, as gengivas v\u00e3o migrando, acompanhado a perda \u00f3ssea. E como consequ\u00eancia, a raiz do dente atingido fica exposta.<\/p>\n<p><span class=\"Apple-converted-space\">\u00a0<\/span><\/p>\n<p>\u00a0<\/p>\n<h2><span style=\"color: #470047;\">As causas para gengivas retra\u00eddas.<\/span><\/h2>\n<p>\u00a0<\/p>\n<p>A retra\u00e7\u00e3o gengival, ao contr\u00e1rio do que se imagina, tem v\u00e1rias causas. As duas mais comuns, que correspondem \u00e0 maioria dos casos, s\u00e3o a <a href=\"https:\/\/luisgustavoleite.com.br\/blog\/retracao-gengival-por-periodontite\/\" target=\"_blank\" rel=\"noopener\"><span style=\"color: #85c2ff;\">periodontite<\/span><\/a>, uma infec\u00e7\u00e3o causada pela higiene oral deficiente, e o <a href=\"https:\/\/luisgustavoleite.com.br\/blog\/gengiva-retraida-tem-causas-alem-do-excesso-de-forca-durante-a-escovacao\/\" target=\"_blank\" rel=\"noopener\"><span style=\"color: #85c2ff;\">trauma de escova\u00e7\u00e3o<\/span><\/a>, que \u00e9 o excesso de press\u00e3o das cerdas das escovas dent\u00e1rias contra as gengivas, machucando-as.<\/p>\n<p>\u00a0<\/p>\n<p>Mas existem outras causas. Uma delas \u00e9 o tratamento com aparelho ortod\u00f4ntico. Quando realizado de forma inadequada, ele pode resultar na retra\u00e7\u00e3o gengival generalizada, como \u00e9 visto nos casos mais severos de perdas \u00f3sseas devidas a movimenta\u00e7\u00f5es dent\u00e1rias.<\/p>\n<p>\u00a0<\/p>\n<p>Em outras situa\u00e7\u00f5es, a retra\u00e7\u00e3o gengival tem mais de uma causa. \u00c9 o caso, por exemplo, do tratamento ortod\u00f4ntico mal executado associado \u00e0 higiene oral deficientes. Veja as principais causas para gengivas retra\u00eddas:<\/p>\n<p>\u00a0<\/p>\n<p>\u2713 periodontite;<\/p>\n<p>\u2713 excesso de for\u00e7a ao escovar os dentes e gengivas;<\/p>\n<p>\u2713 tratamento ortod\u00f4ntico;<\/p>\n<p>\u2713 alergias;<\/p>\n<p>\u2713 v\u00edrus e fungos;<\/p>\n<p>\u2713 outras doen\u00e7as.<\/p>\n<p>\u00a0<\/p>\n<p>\u00a0<\/p>\n<h2><span style=\"color: #470047;\">Porque a gengiva retra\u00edda n\u00e3o volta ao normal com o tempo.<\/span><\/h2>\n<p>\u00a0<\/p>\n<p>Mesmo ap\u00f3s tratada, a gengiva retra\u00edda n\u00e3o volta ao normal com o tempo &#8211; <a href=\"https:\/\/luisgustavoleite.com.br\/blog\/gengiva-retraida-e-tratamento-caseiro\/\" target=\"_blank\" rel=\"noopener\"><span style=\"color: #85c2ff;\">e n\u00e3o adianta apelar para os rem\u00e9dios e tratamentos caseiros propostos por a\u00ed<\/span><\/a>, que quase sempre aumentam ainda mais o problema.<\/p>\n<p>\u00a0<\/p>\n<p>O motivo para a irreversibilidade da gengivas retra\u00eddas \u00e9 a destrui\u00e7\u00e3o permanente do ligamento periodontal. Esta estrutura, um complexo de diminutos feixes de ligamentos que ligam a raiz dente ao osso circundante, e que tamb\u00e9m d\u00e1 o nome \u00e0 doen\u00e7a periodontite, \u00e9 essencial para a reconstru\u00e7\u00e3o das gengivas.<span class=\"Apple-converted-space\">\u00a0<\/span><\/p>\n<p>\u00a0<\/p>\n<p>O problema \u00e9 que o ligamento periodontal n\u00e3o se reconstitui uma vez destru\u00eddo, como acontece na periodontite ou como resultado da escova\u00e7\u00e3o com excesso de for\u00e7a. At\u00e9 o momento, os avan\u00e7os da ci\u00eancia odontol\u00f3gica s\u00e3o pouco eficientes para reconstituir o periodonto, praticamente limitados a universidades.<\/p>\n<p>\u00a0<\/p>\n<p>\u00a0<\/p>\n<h2><span style=\"color: #470047;\">O tipo de gengiva influencia na severidade da retra\u00e7\u00e3o gengival.<\/span><\/h2>\n<p>\u00a0<\/p>\n<p>Uma caracter\u00edstica da retra\u00e7\u00e3o gengival \u00e9 que alguns fatores facilitam o seu aparecimento e sua progress\u00e3o. \u00c9 o que chamamos de suscetibilidade ao aparecimento de gengivas retra\u00eddas.<\/p>\n<p>\u00a0<\/p>\n<p>Um dos fatores mais importantes \u00e9 o biotipo gengival, uma classifica\u00e7\u00e3o que, vista aqui resumidamente, divide as gengivas em finas ou espessas, e tamb\u00e9m quanto \u00e0 presen\u00e7a ou n\u00e3o de queratina, uma prote\u00edna que confere maior fibrosidade \u00e0s gengivas.<\/p>\n<p>\u00a0<\/p>\n<p><a href=\"https:\/\/luisgustavoleite.com.br\/blog\/tratamento-da-retracao-gengival\/\" target=\"_blank\" rel=\"noopener\"><span style=\"color: #85c2ff;\">Indiv\u00edduos com gengivas finas e delicadas, por exemplo, s\u00e3o mais suscet\u00edveis ao aparecimento e progress\u00e3o da retra\u00e7\u00e3o gengival<\/span><\/a>. Note, por\u00e9m, que o biotipo gengival fino n\u00e3o pode, sozinho, causar retra\u00e7\u00e3o gengival. Para ele atuar, \u00e9 preciso que os fatores de causa, como a periodontite e ou uso inadequado da escova de dentes, estejam presentes.<\/p>\n<p>\u00a0<\/p>\n<p>\u00a0<\/p>\n<h2><span style=\"color: #470047;\">Tratamento da retra\u00e7\u00e3o gengival.<\/span><\/h2>\n<p>\u00a0<\/p>\n<p>O <a href=\"https:\/\/luisgustavoleite.com.br\/blog\/retracao-gengival-tratamento-e-cirurgia-2\/\" target=\"_blank\" rel=\"noopener\"><span style=\"color: #85c2ff;\">tratamento da retra\u00e7\u00e3o gengival<\/span><\/a> envolve o diagn\u00f3stico, tratamento e preven\u00e7\u00e3o do problema.<\/p>\n<p>\u00a0<\/p>\n<p>O diagn\u00f3stico, al\u00e9m do exame cl\u00ednico feito pelo periodontista no consult\u00f3rio dent\u00e1rio, quase sempre requer exames radiogr\u00e1ficos. \u00c9 nesta consulta que o dentista identifica a qualidade da higiene oral do paciente para remover a placa bacteriana, e tamb\u00e9m sonda as gengivas atr\u00e1s de sangramento gengival ou bolsas periodontais sugestivos de gengivite ou periodontite.<\/p>\n<p>\u00a0<\/p>\n<p>J\u00e1 o tratamento vai desde a raspagem e remo\u00e7\u00e3o dos fatores que ret\u00e9m a placa bacteriana, como o t\u00e1rtaro, \u00e0 elabora\u00e7\u00e3o de t\u00e9cnicas de higiene oral mais eficientes com escovas de dentes, <a href=\"https:\/\/luisgustavoleite.com.br\/blog\/retracao-gengival-pode-ter-como-causa-o-fio-dental-usado-incorretamente\/\" target=\"_blank\" rel=\"noopener\"><span style=\"color: #85c2ff;\">fio dental<\/span><\/a> ou outros instrumentos de limpeza dos dentes.<\/p>\n<p>\u00a0<\/p>\n<p>Ap\u00f3s o t\u00e9rmino do tratamento, o periodontista determinada a necessidade ou n\u00e3o da cirurgia para retra\u00e7\u00e3o gengival. O fato de que a gengiva retra\u00edda n\u00e3o volta ao normal com o tempo n\u00e3o \u00e9 determinante para a ado\u00e7\u00e3o de t\u00e9cnicas cir\u00fargicas para reposicionar os tecidos gengivais a sua posi\u00e7\u00e3o original.<\/p>\n<p>\u00a0<\/p>\n<p>\u00a0<\/p>\n<h2><span style=\"color: #470047;\">A cirurgia gengival para recuperar gengivas retra\u00eddas.<\/span><\/h2>\n<p>\u00a0<\/p>\n<p>A retra\u00e7\u00e3o gengival n\u00e3o volta ao normal mesmo depois de tratadas as gengivas. Para que volte a recobrir a <a href=\"https:\/\/luisgustavoleite.com.br\/blog\/raiz-dentaria-exposta\/\" target=\"_blank\" rel=\"noopener\"><span style=\"color: #85c2ff;\">raiz dent\u00e1ria exposta<\/span><\/a>, s\u00e3o necess\u00e1rias t\u00e9cnicas de cirurgia gengival para reposicionar as bordas das gengivas a sua posi\u00e7\u00e3o original.<\/p>\n<p>\u00a0<\/p>\n<p>A t\u00e9cnica mais utilizada \u00e9 a <a href=\"https:\/\/luisgustavoleite.com.br\/blog\/retracao-gengival-cirurgia-sem-enxerto-de-gengiva\/\" target=\"_blank\" rel=\"noopener\"><span style=\"color: #85c2ff;\">cirurgia gengival simples<\/span><\/a>. Realizada em um ou v\u00e1rios dentes concomitantemente, \u00e9 realizada atrav\u00e9s de incis\u00f5es de descolamento das gengivas retra\u00eddas e reposicionamento simples, estabilizadas atrav\u00e9s de suturas.<\/p>\n<p>\u00a0<\/p>\n<p>Com p\u00f3s-operat\u00f3rio simples, a <a href=\"https:\/\/luisgustavoleite.com.br\/blog\/gengiva-retraida-cirurgia-pros-e-contras\/\" target=\"_blank\" rel=\"noopener\"><span style=\"color: #85c2ff;\">cirurgia para recuperar gengivas retra\u00eddas<\/span> <\/a>tem algumas limita\u00e7\u00f5es. Uma delas \u00e9 quando a retra\u00e7\u00e3o gengival \u00e9 causada por periodontite, cujas perdas \u00f3sseas e das papilas gengivais (gengiva localizada entre os dentes) trazem um progn\u00f3stico negativo quanto aos resultados da <a href=\"https:\/\/luisgustavoleite.com.br\/blog\/plastica-gengival-gengivas\/\" target=\"_blank\" rel=\"noopener\"><span style=\"color: #85c2ff;\">cirurgia pl\u00e1stica gengival<\/span><\/a>.<\/p>\n<p>\u00a0<\/p>\n<p>Apesar das limita\u00e7\u00f5es da cirurgia, seus resultados cir\u00fargicos s\u00e3o previs\u00edveis e permanentes quando bem indicados. Atualmente, os casos mais indicados \u00e0 esta t\u00e9cnica s\u00e3o as retra\u00e7\u00f5es gengivais provocadas por trauma de escova\u00e7\u00e3o ou, em algumas situa\u00e7\u00f5es, provocadas por movimenta\u00e7\u00e3o dos dentes por aparelho ortod\u00f4ntico.<\/p>\n<p>\u00a0<\/p>\n<p>\u00a0<\/p>\n<h2><span style=\"color: #470047;\">Enxerto de gengiva \u00e9 restrito a alguns casos.<\/span><\/h2>\n<p>\u00a0<\/p>\n<p>O <a href=\"https:\/\/luisgustavoleite.com.br\/blog\/enxerto-de-gengiva-indicacoes-pros-e-contras\/\" target=\"_blank\" rel=\"noopener\"><span style=\"color: #85c2ff;\">enxerto de gengiva<\/span> <\/a>\u00e9 uma t\u00e9cnica indicada aos casos mais severos de retra\u00e7\u00e3o gengival, ou ainda quando as gengivas s\u00e3o finas. Com <a href=\"https:\/\/luisgustavoleite.com.br\/blog\/enxerto-de-gengiva-para-retracao-gengival-traz-pos-operatorio-delicado\/\" target=\"_blank\" rel=\"noopener\"><span style=\"color: #85c2ff;\">p\u00f3s-operat\u00f3rio delicado<\/span><\/a>, que exige dedica\u00e7\u00e3o do paciente no per\u00edodo de recupera\u00e7\u00e3o e cicatriza\u00e7\u00e3o da gengiva, ele \u00e9 um procedimento que tamb\u00e9m pode ser realizado de forma preventiva.<\/p>\n<p>\u00a0<\/p>\n<p>Atualmente, s\u00e3o <a href=\"https:\/\/luisgustavoleite.com.br\/blog\/enxerto-gengival-natural-ou-biossintetico-compare-as-diferencas\/\" target=\"_blank\" rel=\"noopener\"><span style=\"color: #85c2ff;\">dois os tipos de enxerto gengival<\/span><\/a>. O mais utilizado \u00e9 o enxerto natural, cujas gengivas s\u00e3o coletadas do pr\u00f3prio paciente. Outra fonte comum \u00e9 o enxerto biossint\u00e9tico, obtido a partir de matriz animal.<\/p>\n<p>\u00a0<\/p>\n<p>Assim como na t\u00e9cnica simples, a <a href=\"https:\/\/luisgustavoleite.com.br\/blog\/enxerto-gengival-para-gengiva-retraida\/\" target=\"_blank\" rel=\"noopener\"><span style=\"color: #85c2ff;\">cirugia com enxerto para gengiva retra\u00edda traz limita\u00e7\u00f5es<\/span><\/a>. Da mesma forma, seus resultados s\u00e3o limitados quando a causa para a<span class=\"Apple-converted-space\">\u00a0 <\/span>recess\u00e3o gengival \u00e9 a periodontite, cujas danos \u00e0 arquitetura \u00f3ssea s\u00e3o severos e impedem o recobrimento das ra\u00edzes dent\u00e1rias expostas ap\u00f3s a a\u00e7\u00e3o da doen\u00e7a periodontal.<\/p>\n<p>\u00a0<\/p>\n<p>\u00a0<\/p>\n<h2><span style=\"color: #470047;\">Preven\u00e7\u00e3o da retra\u00e7\u00e3o gengival.<\/span><\/h2>\n<p>\u00a0<\/p>\n<p>Se as gengivas retra\u00eddas n\u00e3o voltam ao normal com o tempo, ao menos \u00e9 poss\u00edvel prevenir o seu aparecimento e progress\u00e3o. E o melhor de tudo, \u00e9 f\u00e1cil control\u00e1-la.<\/p>\n<p>\u00a0<\/p>\n<p>Al\u00e9m da consulta peri\u00f3dica ao periodontista, que \u00e9 o dentista especialista em retra\u00e7\u00e3o gengival, os cuidados v\u00e3o desde o uso de escovas de dentes com cerdas macias e uso de t\u00e9cnicas eficientes para remo\u00e7\u00e3o da placa bacteriana.<\/p>\n<p>\u00a0<\/p>\n<p>Bastam estes cuidados b\u00e1sicos para que a preven\u00e7\u00e3o da retra\u00e7\u00e3o gengival seja efetiva para prevenir a exposi\u00e7\u00e3o das ra\u00edzes dos dentes ao meio bucal.<\/p>\n<p>\u00a0<\/p>\n","protected":false},"excerpt":{"rendered":"<p>A gengiva retra\u00edda n\u00e3o volta ao normal com o tempo. Veja as causas, o tratamento para prevenir o seu avan\u00e7o e a cirurgia para recuperar a retra\u00e7\u00e3o gengival. \u00a0 Lu\u00eds Gustavo Leite \u00e9 dentista especialista em gengivas (periodontia) e pr\u00f3teses dent\u00e1rias em Porto Alegre. \u00a0 \u00a0 Gengiva retra\u00edda, o que \u00e9? \u00a0 A preocupa\u00e7\u00e3o com [&hellip;]<\/p>\n","protected":false},"author":4,"featured_media":21920,"comment_status":"closed","ping_status":"closed","sticky":false,"template":"","format":"standard","meta":[],"categories":[60],"tags":[],"_links":{"self":[{"href":"https:\/\/luisgustavoleite.com.br\/blog\/wp-json\/wp\/v2\/posts\/21914"}],"collection":[{"href":"https:\/\/luisgustavoleite.com.br\/blog\/wp-json\/wp\/v2\/posts"}],"about":[{"href":"https:\/\/luisgustavoleite.com.br\/blog\/wp-json\/wp\/v2\/types\/post"}],"author":[{"embeddable":true,"href":"https:\/\/luisgustavoleite.com.br\/blog\/wp-json\/wp\/v2\/users\/4"}],"replies":[{"embeddable":true,"href":"https:\/\/luisgustavoleite.com.br\/blog\/wp-json\/wp\/v2\/comments?post=21914"}],"version-history":[{"count":5,"href":"https:\/\/luisgustavoleite.com.br\/blog\/wp-json\/wp\/v2\/posts\/21914\/revisions"}],"predecessor-version":[{"id":21919,"href":"https:\/\/luisgustavoleite.com.br\/blog\/wp-json\/wp\/v2\/posts\/21914\/revisions\/21919"}],"wp:featuredmedia":[{"embeddable":true,"href":"https:\/\/luisgustavoleite.com.br\/blog\/wp-json\/wp\/v2\/media\/21920"}],"wp:attachment":[{"href":"https:\/\/luisgustavoleite.com.br\/blog\/wp-json\/wp\/v2\/media?parent=21914"}],"wp:term":[{"taxonomy":"category","embeddable":true,"href":"https:\/\/luisgustavoleite.com.br\/blog\/wp-json\/wp\/v2\/categories?post=21914"},{"taxonomy":"post_tag","embeddable":true,"href":"https:\/\/luisgustavoleite.com.br\/blog\/wp-json\/wp\/v2\/tags?post=21914"}],"curies":[{"name":"wp","href":"https:\/\/api.w.org\/{rel}","templated":true}]}}