{"id":22049,"date":"2023-02-12T19:26:55","date_gmt":"2023-02-12T22:26:55","guid":{"rendered":"https:\/\/luisgustavoleite.com.br\/blog\/?p=22049"},"modified":"2023-02-12T19:27:00","modified_gmt":"2023-02-12T22:27:00","slug":"gengiva-retraida-o-que-e","status":"publish","type":"post","link":"https:\/\/luisgustavoleite.com.br\/blog\/gengiva-retraida-o-que-e\/","title":{"rendered":"Gengiva retra\u00edda: o que \u00e9, como tratar e como recuperar."},"content":{"rendered":"\n<p>Um post com informa\u00e7\u00f5es essenciais sobre gengivas retra\u00eddas. Saiba como diagnosticar, como tratar e como prevenir e como recuperar gengivas retra\u00eddas.<\/p>\n<p>\u00a0<\/p>\n<p><i><img decoding=\"async\" loading=\"lazy\" class=\"alignleft\" src=\"https:\/\/luisgustavoleite.com.br\/blog\/wp-content\/uploads\/2018\/10\/eu.jpg\" alt=\"\" width=\"70\" height=\"70\" \/><span style=\"color: #4a004a;\">Lu\u00eds Gustavo Leite \u00e9 dentista especialista em gengivas (periodontista) e pr\u00f3teses dent\u00e1rias em Porto Alegre.<\/span><\/i><\/p>\n<p>\u00a0<\/p>\n<p>\u00a0<\/p>\n<h2><span style=\"color: #4a004a;\">Gengiva retra\u00edda, o que \u00e9.<\/span><\/h2>\n<p>\u00a0<\/p>\n<p>Nenhum outro problema odontol\u00f3gico tem aumentado tanto em preocupa\u00e7\u00e3o entre os pacientes quanto a retra\u00e7\u00e3o gengival. E tamanha preocupa\u00e7\u00e3o tem l\u00e1 seus motivos. Afinal, os danos est\u00e9ticos e funcionais causados pelo aparecimento das gengivas retra\u00eddas podem ser devastadores ao sorriso.<\/p>\n<p>\u00a0<\/p>\n<p>Em primeiro lugar, \u00e9 preciso saber que as gengivas retra\u00eddas n\u00e3o s\u00e3o uma doen\u00e7a, e sim sequelas da destrui\u00e7\u00e3o do periodonto &#8211; uma estrutura de suporte das ra\u00edzes dos dentes que compreende, al\u00e9m das pr\u00f3prias gengivas, o osso e tamb\u00e9m delicados ligamentos.<\/p>\n<p>\u00a0<\/p>\n<p>\u00c0 medida que o periodonto \u00e9 destru\u00eddo, as gengivas v\u00e3o migrando e<a href=\"https:\/\/luisgustavoleite.com.br\/blog\/raiz-dentaria-exposta\/\" target=\"_blank\" rel=\"noopener\"><span style=\"color: #59acff;\"> expondo as ra\u00edzes dos dentes<\/span><\/a>. \u00c9 um processo de adapta\u00e7\u00e3o anat\u00f4mica frente \u00e0 perda de sustenta\u00e7\u00e3o das gengivas que, n\u00e3o tratado \u00e0 tempo, pode levar \u00e0 perda do dente acometido pela r<a href=\"https:\/\/luisgustavoleite.com.br\/blog\/retracao-gengival-o-que-e-causas-e-tratamento-super-explicados\/\" target=\"_blank\" rel=\"noopener\"><span style=\"color: #59acff;\">etra\u00e7\u00e3o das gengivas<\/span><\/a>.<\/p>\n<p>\u00a0<\/p>\n<p>Assim, a gengiva retra\u00edda \u00e9 a exposi\u00e7\u00e3o da raiz dent\u00e1ria ap\u00f3s a destrui\u00e7\u00e3o do osso e dos ligamentos periodontais que unem os dentes \u00e0s arcadas dent\u00e1rias.<\/p>\n<p>\u00a0<\/p>\n<p>\u00a0<\/p>\n<h2><span style=\"color: #4a004a;\">Diagn\u00f3stico: causas para gengivas retra\u00eddas s\u00e3o m\u00faltiplas.<\/span><\/h2>\n<p>\u00a0<\/p>\n<p>As <a href=\"https:\/\/luisgustavoleite.com.br\/blog\/gengiva-retraida-tem-causas-alem-do-excesso-de-forca-durante-a-escovacao\/\" target=\"_blank\" rel=\"noopener\"><span style=\"color: #59acff;\">causas para o aparecimento das gengivas retra\u00eddas<\/span><\/a> s\u00e3o m\u00faltiplas e, quase sempre, um conjunto delas s\u00e3o respons\u00e1veis pela exposi\u00e7\u00e3o das ra\u00edzes dos dentes.<\/p>\n<p>\u00a0<\/p>\n<p>A quase totalidade das retra\u00e7\u00f5es gengivais s\u00e3o causadas ou pela <a href=\"https:\/\/luisgustavoleite.com.br\/blog\/periodontite\/\" target=\"_blank\" rel=\"noopener\"><span style=\"color: #59acff;\">periodontite<\/span><\/a>, uma infec\u00e7\u00e3o associada \u00e0 higiene oral deficiente, ou pelo <a href=\"https:\/\/luisgustavoleite.com.br\/blog\/retracao-gengival-e-escova-dentaria\/\" target=\"_blank\" rel=\"noopener\"><span style=\"color: #59acff;\">uso inadequado das escovas dent\u00e1rias (escova\u00e7\u00e3o traum\u00e1tica)<\/span><\/a>. Ainda assim, existem outras causas para as gengivas retra\u00eddas:<\/p>\n<p>\u00a0<\/p>\n<p><span style=\"color: #4a004a;\">\u2713<\/span> periodontite<\/p>\n<p><span style=\"color: #4a004a;\">\u2713<\/span> escova\u00e7\u00e3o traum\u00e1tica<\/p>\n<p><span style=\"color: #4a004a;\">\u2713<\/span> tratamento ortod\u00f4ntico inadequado;<\/p>\n<p><span style=\"color: #4a004a;\">\u2713<\/span> alergias inflamat\u00f3rias;<\/p>\n<p><span style=\"color: #4a004a;\">\u2713<\/span> v\u00edrus e fungos;<\/p>\n<p><span style=\"color: #4a004a;\">\u2713<\/span> outras causas.<\/p>\n<p>\u00a0<\/p>\n<p>\u00a0<\/p>\n<h2><span style=\"color: #4a004a;\">Os problemas orais como consequ\u00eancia da retra\u00e7\u00e3o das gengivas.<\/span><\/h2>\n<p>\u00a0<\/p>\n<p>Ap\u00f3s o seu aparecimento, as gengivas retra\u00eddas podem trazer algumas complica\u00e7\u00f5es aos dentes e gengivas. A mais comum \u00e9 a dor ao ingerir alimentos frios ou \u00e1cidos (<a href=\"https:\/\/luisgustavoleite.com.br\/blog\/retracao-gengival-dor-e-sensibilidade-dos-dentes\/\" target=\"_blank\" rel=\"noopener\"><span style=\"color: #59acff;\">sensibilidade dolorosa<\/span><\/a>). Mas existem outros problemas orais que aparecem como resultados da retra\u00e7\u00e3o gengival, como:<\/p>\n<p>\u00a0<\/p>\n<p><span style=\"color: #4a004a;\">\u2713<\/span> sensibilidade dent\u00e1ria aumentada;<\/p>\n<p><span style=\"color: #4a004a;\">\u2713<\/span> danos est\u00e9ticos ao sorriso;<\/p>\n<p><span style=\"color: #4a004a;\">\u2713<\/span> forma\u00e7\u00e3o de cavidades nas ra\u00edzes dos dentes;<\/p>\n<p><span style=\"color: #4a004a;\">\u2713<\/span> dificuldade para remo\u00e7\u00e3o da placa bacteriana;<\/p>\n<p><span style=\"color: #4a004a;\">\u2713<\/span> fragiliza\u00e7\u00e3o das ra\u00edzes dent\u00e1rias;<\/p>\n<p><span style=\"color: #4a004a;\">\u2713<\/span> risco elevado para c\u00e1ries dent\u00e1rias.<\/p>\n<p>\u00a0<\/p>\n<p>\u00a0<\/p>\n<h2><span style=\"color: #4a004a;\">Tratamento da retra\u00e7\u00e3o gengival.<\/span><\/h2>\n<p>\u00a0<\/p>\n<p>O tratamento da retra\u00e7\u00e3o gengival pode ser divido em duas etapas. A primeira, e mais importante, \u00e9 a que identifica as causas e as eliminas. Ao final, s\u00e3o estabelecidas medidas preventivas para evitar a sua reincid\u00eancia e o continuidade na retra\u00e7\u00e3o das gengivas.<\/p>\n<p>\u00a0<\/p>\n<p>Quando a causa para as gengivas retra\u00eddas \u00e9 a periodontite, o tratamento consiste na remo\u00e7\u00e3o, atrav\u00e9s de raspagens, da placa bacteriana e t\u00e1rtaro localizados internamente entre as ra\u00edzes dos dentes e as gengivas. Dependendo da severidade da doen\u00e7a, como na periodontite severa, podem ser necess\u00e1rias v\u00e1rias consultas.<\/p>\n<p>\u00a0<\/p>\n<p>J\u00e1 quando as gengivas est\u00e3o retra\u00eddas pelo uso inadequado da escova de dentes, <a href=\"https:\/\/luisgustavoleite.com.br\/blog\/retracao-gengival-pode-ter-como-causa-o-fio-dental-usado-incorretamente\/\" target=\"_blank\" rel=\"noopener\"><span style=\"color: #59acff;\">ou at\u00e9 mesmo do fio dental<\/span><\/a>, o tratamento consiste na ado\u00e7\u00e3o de novas t\u00e9cnicas e instrumentos de higieniza\u00e7\u00e3o dos dentes que n\u00e3o traumatizem as gengivas. Ao final, procedimentos como a cirurgia de recobrimento de raiz dent\u00e1ria exposta ou <a href=\"https:\/\/luisgustavoleite.com.br\/blog\/restauracao-em-resina-em-raiz-dentaria-exposta\/\" target=\"_blank\" rel=\"noopener\"><span style=\"color: #59acff;\">restaura\u00e7\u00e3o dent\u00e1ria podem ser utilizadas<\/span><\/a>.<\/p>\n<p>\u00a0<\/p>\n<p>\u00a0<\/p>\n<h2><span style=\"color: #4a004a;\">Recuperando gengivas retra\u00eddas.<\/span><\/h2>\n<p>\u00a0<\/p>\n<p>Pode parecer simples, mas recuperar gengivas retra\u00eddas \u00e9 um dos maiores desafios atuais da odontologia. E o motivo para isto \u00e9 a impossibilidade, at\u00e9 o momento, para reconstruir o periodonto (osso e ligamentos periodontais) que prendem as ra\u00edzes dos dentes \u00e0s arcadas dent\u00e1rias.<\/p>\n<p>\u00a0<\/p>\n<p>Diante desta impossibilidade para regenerar o periodonto destru\u00eddo, a <a href=\"https:\/\/luisgustavoleite.com.br\/blog\/gengiva-retraida-causas-e-recuperar\/\" target=\"_blank\" rel=\"noopener\"><span style=\"color: #59acff;\">recupera\u00e7\u00e3o das gengivas retra\u00eddas<\/span><\/a> \u00e9 restrita \u00e0s cirurgias que recobrem as ra\u00edzes dent\u00e1rias expostas apenas com gengivas circundantes.<\/p>\n<p>\u00a0<\/p>\n<p>As<a href=\"https:\/\/luisgustavoleite.com.br\/blog\/cirurgia-plastica-gengival-em-porto-alegre-1\/\" target=\"_blank\" rel=\"noopener\"><span style=\"color: #59acff;\"> cirurgias pl\u00e1sticas gengivais<\/span><\/a> para recuperar gengivas retra\u00eddas s\u00e3o restritas, basicamente, a duas t\u00e9cnicas.<span class=\"Apple-converted-space\">\u00a0<\/span><\/p>\n<p>\u00a0<\/p>\n<p>A <a href=\"https:\/\/luisgustavoleite.com.br\/blog\/retracao-gengival-cirurgia-sem-enxerto-de-gengiva\/\" target=\"_blank\" rel=\"noopener\"><span style=\"color: #59acff;\">mais simples das t\u00e9cnicas \u00e9 a que recorta e reposiciona as gengivas no seu local original<\/span><\/a>. Para isto, incis\u00f5es, descolamentos e suturas posicionais dos tecidos gengivais s\u00e3o suficientes para recobrir as ra\u00edzes dent\u00e1rias expostas.<\/p>\n<p>\u00a0<\/p>\n<p>A segunda t\u00e9cnica de <a href=\"https:\/\/luisgustavoleite.com.br\/blog\/plastica-gengival-gengivas\/\" target=\"_blank\" rel=\"noopener\"><span style=\"color: #59acff;\">pl\u00e1stica gengival<\/span><\/a>, mais complexa, utiliza <a href=\"https:\/\/luisgustavoleite.com.br\/blog\/enxerto-de-gengiva-indicacoes-pros-e-contras\/\" target=\"_blank\" rel=\"noopener\"><span style=\"color: #59acff;\">enxertos de gengivas<\/span><\/a>. Realizada com gengivas naturais ou biossint\u00e9ticas, \u00e9 uma t\u00e9cnica complementar que garante resultados mais efetivos aos casos de retra\u00e7\u00e3o gengival severa ou quando est\u00e3o presentes fatores cir\u00fargicos negativos, como <a href=\"https:\/\/luisgustavoleite.com.br\/blog\/tratamento-da-retracao-gengival\/\" target=\"_blank\" rel=\"noopener\"><span style=\"color: #59acff;\">quando as gengivas s\u00e3o finas e delicadas<\/span><\/a>.<\/p>\n<p>\u00a0<\/p>\n<p>\u00a0<\/p>\n<h2><span style=\"color: #4a004a;\">Risco para perdas dent\u00e1rias existe.<\/span><\/h2>\n<p>\u00a0<\/p>\n<p>O <a href=\"https:\/\/luisgustavoleite.com.br\/blog\/raiz-dentaria-exposta\/\" target=\"_blank\" rel=\"noopener\"><span style=\"color: #59acff;\">medo de que a retra\u00e7\u00e3o gengival evolua at\u00e9 a perda dos dentes \u00e9 real<\/span><\/a>. E quando a causa \u00e9 a periodontite, os riscos s\u00e3o ainda mais elevados. N\u00e3o \u00e0 toa, a doen\u00e7a periodontal \u00e9, ainda hoje, a principal causa para o edentulismo.<\/p>\n<p>\u00a0<\/p>\n<p>O diagn\u00f3stico precoce e tratamento das gengivas retra\u00eddas \u00e9 fundamental para conter o avan\u00e7o e os danos causados pela retra\u00e7\u00e3o das gengivas. Sem eles, os riscos para danos severos e perdas dent\u00e1rias s\u00e3o consider\u00e1veis.<\/p>\n<p>\u00a0<\/p>\n<p>\u00a0<\/p>\n<h2><span style=\"color: #4a004a;\">Preven\u00e7\u00e3o da retra\u00e7\u00e3o gengival.<\/span><\/h2>\n<p>\u00a0<\/p>\n<p>Se, em muitos casos, \u00e9 imposs\u00edvel recuperar a retra\u00e7\u00e3o gengival, prevenir o seu<span class=\"Apple-converted-space\">\u00a0 <\/span>aparecimento \u00e9 plenamente poss\u00edvel &#8211; e relativamente f\u00e1cil.<\/p>\n<p>\u00a0<\/p>\n<p>Entre as medidas de preven\u00e7\u00e3o, a mais eficaz s\u00e3o as consultas regulares ao dentista. Nelas, al\u00e9m da profilaxia dent\u00e1ria (limpeza), s\u00e3o realizadas medi\u00e7\u00f5es das retra\u00e7\u00f5es gengivais j\u00e1 presentes e tamb\u00e9m avaliadas a presen\u00e7a de fatores causais.<\/p>\n<p>Para os casos mais avan\u00e7ados de gengivas retra\u00eddas, como na periodontite severa ou na retra\u00e7\u00e3o gengival extensa por uso traum\u00e1tico da escova dent\u00e1rias, recomenda-se a realiza\u00e7\u00e3o das consultas peri\u00f3dicas com o periodontista, que \u00e9 o dentista especializado em gengivas.<\/p>\n<p>\u00a0<\/p>\n","protected":false},"excerpt":{"rendered":"<p>Um post com informa\u00e7\u00f5es essenciais sobre gengivas retra\u00eddas. Saiba como diagnosticar, como tratar e como prevenir e como recuperar gengivas retra\u00eddas. \u00a0 Lu\u00eds Gustavo Leite \u00e9 dentista especialista em gengivas (periodontista) e pr\u00f3teses dent\u00e1rias em Porto Alegre. \u00a0 \u00a0 Gengiva retra\u00edda, o que \u00e9. \u00a0 Nenhum outro problema odontol\u00f3gico tem aumentado tanto em preocupa\u00e7\u00e3o entre [&hellip;]<\/p>\n","protected":false},"author":4,"featured_media":22055,"comment_status":"closed","ping_status":"closed","sticky":false,"template":"","format":"standard","meta":[],"categories":[60],"tags":[],"_links":{"self":[{"href":"https:\/\/luisgustavoleite.com.br\/blog\/wp-json\/wp\/v2\/posts\/22049"}],"collection":[{"href":"https:\/\/luisgustavoleite.com.br\/blog\/wp-json\/wp\/v2\/posts"}],"about":[{"href":"https:\/\/luisgustavoleite.com.br\/blog\/wp-json\/wp\/v2\/types\/post"}],"author":[{"embeddable":true,"href":"https:\/\/luisgustavoleite.com.br\/blog\/wp-json\/wp\/v2\/users\/4"}],"replies":[{"embeddable":true,"href":"https:\/\/luisgustavoleite.com.br\/blog\/wp-json\/wp\/v2\/comments?post=22049"}],"version-history":[{"count":6,"href":"https:\/\/luisgustavoleite.com.br\/blog\/wp-json\/wp\/v2\/posts\/22049\/revisions"}],"predecessor-version":[{"id":22056,"href":"https:\/\/luisgustavoleite.com.br\/blog\/wp-json\/wp\/v2\/posts\/22049\/revisions\/22056"}],"wp:featuredmedia":[{"embeddable":true,"href":"https:\/\/luisgustavoleite.com.br\/blog\/wp-json\/wp\/v2\/media\/22055"}],"wp:attachment":[{"href":"https:\/\/luisgustavoleite.com.br\/blog\/wp-json\/wp\/v2\/media?parent=22049"}],"wp:term":[{"taxonomy":"category","embeddable":true,"href":"https:\/\/luisgustavoleite.com.br\/blog\/wp-json\/wp\/v2\/categories?post=22049"},{"taxonomy":"post_tag","embeddable":true,"href":"https:\/\/luisgustavoleite.com.br\/blog\/wp-json\/wp\/v2\/tags?post=22049"}],"curies":[{"name":"wp","href":"https:\/\/api.w.org\/{rel}","templated":true}]}}